{"id":1737,"date":"2019-09-06T11:48:33","date_gmt":"2019-09-06T09:48:33","guid":{"rendered":"http:\/\/turismo.cm-santiagocacem.pt\/?p=1737"},"modified":"2019-09-06T12:04:53","modified_gmt":"2019-09-06T10:04:53","slug":"launching-ceremony-camino-de-santiago-alentejo-ribatejo","status":"publish","type":"post","link":"https:\/\/turismo.cm-santiagocacem.pt\/en\/news\/launching-ceremony-camino-de-santiago-alentejo-ribatejo\/","title":{"rendered":"Launching Ceremony &#8220;Caminho de Santiago Alentejo Ribatejo&#8221;"},"content":{"rendered":"<p>On September 4, Santiago do Cac\u00e9m hosted the launching ceremony &#8220;Caminhos de Santiago Alentejo Ribatejo&#8221; promoted by the Alentejo and Ribatejo Regional Tourism Entity and by the City Council of Santiago do Cac\u00e9m. The ceremony was attended by the Secretary of State for Tourism, Ana Mendes Godinho, the President of the Regional Tourism Authority of Alentejo and Ribatejo, Ant\u00f3nio Ceia da Silva, the Mayor of Santiago do Cac\u00e9m, \u00c1lvaro Beijinha, the Bishops of Beja, \u00c9vora , Portalegre, among other civil, military and religious entities. Keep the images of this day that comes into our history.<\/p>\n<p>Learn more at:<\/p>\n<p><a href=\"https:\/\/www.caminhosdesantiagoalentejoribatejo.pt\">https:\/\/www.caminhosdesantiagoalentejoribatejo.pt<\/a><br \/>\n<a href=\"https:\/\/www.facebook.com\/santiagoalentejoribatejo\/\">https:\/\/www.facebook.com\/santiagoalentejoribatejo\/<\/a><\/p>\n<p><iframe loading=\"lazy\" title=\"Cerim\u00f3nia de Lan\u00e7amento Caminhos de Santiago Alentejo Ribatejo\" width=\"500\" height=\"281\" src=\"https:\/\/www.youtube.com\/embed\/pKXQlbrNscE?feature=oembed\" frameborder=\"0\" allow=\"accelerometer; autoplay; clipboard-write; encrypted-media; gyroscope; picture-in-picture; web-share\" referrerpolicy=\"strict-origin-when-cross-origin\" allowfullscreen><\/iframe><\/p>\n","protected":false},"excerpt":{"rendered":"<p>On September 4, Santiago do Cac\u00e9m hosted the launching ceremony &#8220;Caminhos de Santiago Alentejo Ribatejo&#8221; promoted by the Alentejo and Ribatejo Regional Tourism Entity and by the City Council of Santiago do Cac\u00e9m. The ceremony was attended by the Secretary of State for Tourism, Ana Mendes Godinho, the President of the Regional Tourism Authority of [&hellip;]<\/p>\n","protected":false},"author":5,"featured_media":1744,"comment_status":"closed","ping_status":"closed","sticky":false,"template":"","format":"standard","meta":{"_genesis_hide_title":false,"_genesis_hide_breadcrumbs":false,"_genesis_hide_singular_image":false,"_genesis_hide_footer_widgets":false,"_genesis_custom_body_class":"","_genesis_custom_post_class":"","_genesis_layout":"","footnotes":""},"categories":[54],"tags":[],"class_list":{"0":"post-1737","1":"post","2":"type-post","3":"status-publish","4":"format-standard","5":"has-post-thumbnail","7":"category-news","8":"entry"},"_links":{"self":[{"href":"https:\/\/turismo.cm-santiagocacem.pt\/en\/wp-json\/wp\/v2\/posts\/1737","targetHints":{"allow":["GET"]}}],"collection":[{"href":"https:\/\/turismo.cm-santiagocacem.pt\/en\/wp-json\/wp\/v2\/posts"}],"about":[{"href":"https:\/\/turismo.cm-santiagocacem.pt\/en\/wp-json\/wp\/v2\/types\/post"}],"author":[{"embeddable":true,"href":"https:\/\/turismo.cm-santiagocacem.pt\/en\/wp-json\/wp\/v2\/users\/5"}],"replies":[{"embeddable":true,"href":"https:\/\/turismo.cm-santiagocacem.pt\/en\/wp-json\/wp\/v2\/comments?post=1737"}],"version-history":[{"count":3,"href":"https:\/\/turismo.cm-santiagocacem.pt\/en\/wp-json\/wp\/v2\/posts\/1737\/revisions"}],"predecessor-version":[{"id":1747,"href":"https:\/\/turismo.cm-santiagocacem.pt\/en\/wp-json\/wp\/v2\/posts\/1737\/revisions\/1747"}],"wp:featuredmedia":[{"embeddable":true,"href":"https:\/\/turismo.cm-santiagocacem.pt\/en\/wp-json\/wp\/v2\/media\/1744"}],"wp:attachment":[{"href":"https:\/\/turismo.cm-santiagocacem.pt\/en\/wp-json\/wp\/v2\/media?parent=1737"}],"wp:term":[{"taxonomy":"category","embeddable":true,"href":"https:\/\/turismo.cm-santiagocacem.pt\/en\/wp-json\/wp\/v2\/categories?post=1737"},{"taxonomy":"post_tag","embeddable":true,"href":"https:\/\/turismo.cm-santiagocacem.pt\/en\/wp-json\/wp\/v2\/tags?post=1737"}],"curies":[{"name":"wp","href":"https:\/\/api.w.org\/{rel}","templated":true}]}}