{"id":887,"date":"2016-08-23T11:38:49","date_gmt":"2016-08-23T09:38:49","guid":{"rendered":"http:\/\/turismo.cm-santiagocacem.pt\/?p=887&#038;lang=en"},"modified":"2016-08-23T11:38:49","modified_gmt":"2016-08-23T09:38:49","slug":"santiagro-de-26-a-29-de-maio","status":"publish","type":"post","link":"https:\/\/turismo.cm-santiagocacem.pt\/en\/news\/santiagro-de-26-a-29-de-maio\/","title":{"rendered":"SANTIAGRO de 26 a 29 de maio"},"content":{"rendered":"<p>Quase a garantir tr\u00eas d\u00e9cadas de exist\u00eancia, a SANTIAGRO \u00e9 considerada a maior e melhor feira de atividades econ\u00f3micas do Litoral Alentejano. Alicer\u00e7ada na agropecu\u00e1ria, a\u00a0 feira \u00e9 amplamente conhecida pela sua vitalidade e din\u00e2mica, bem como pelos seus concertos de qualidade e com nomes de refer\u00eancia do panorama da m\u00fasica nacional, pelos restaurantes t\u00edpicos e tasquinhas que, como sempre, far\u00e3o as del\u00edcias dos visitantes, pela \u00a0promo\u00e7\u00e3o do cavalo e das suas atividades correlacionadas, como a gala e o batismo equestres. Estas continuar\u00e3o a ser, aliadas \u00e0 agricultura e florestas, as grandes apostas para este evento.<\/p>\n<p><span style=\"font-weight: 400;\">Durante a feira, que excecionalmente este ano se estende por quatro dias \u2013 de 26 a 29 de maio &#8211; decorrem tamb\u00e9m encontros sobre tem\u00e1ticas agr\u00edcolas, pecu\u00e1rias e silv\u00edcolas. De salientar ainda a tenda multiusos, espa\u00e7o onde ser\u00e3o apresentados os vinhos e os produtos locais e regionais \u2212 sobretudo os direcionados para a gastronomia, que muito orgulham as gentes locais. O cartaz musical deste ano volta a ser de grande qualidade, com a presen\u00e7a de alguns dos artistas em maior evid\u00eancia no nosso pa\u00eds: C4Pedro, Agir, Ant\u00f3nio Zambujo e D.A.M.A.<\/span><\/p>\n<p><span style=\"font-weight: 400;\">Num recinto cada vez mais acolhedor e dotado de infraestruturas de apoio, est\u00e3o reunidas as condi\u00e7\u00f5es para um fim de semana cheio de motivos de interesse no Munic\u00edpio de Santiago do Cac\u00e9m.<\/span><\/p>\n","protected":false},"excerpt":{"rendered":"<p>Quase a garantir tr\u00eas d\u00e9cadas de exist\u00eancia, a SANTIAGRO \u00e9 considerada a maior e melhor feira de atividades econ\u00f3micas do Litoral Alentejano. Alicer\u00e7ada na agropecu\u00e1ria, a\u00a0 feira \u00e9 amplamente conhecida pela sua vitalidade e din\u00e2mica, bem como pelos seus concertos de qualidade e com nomes de refer\u00eancia do panorama da m\u00fasica nacional, pelos restaurantes t\u00edpicos [&hellip;]<\/p>\n","protected":false},"author":2,"featured_media":0,"comment_status":"closed","ping_status":"closed","sticky":false,"template":"","format":"standard","meta":{"_genesis_hide_title":false,"_genesis_hide_breadcrumbs":false,"_genesis_hide_singular_image":false,"_genesis_hide_footer_widgets":false,"_genesis_custom_body_class":"","_genesis_custom_post_class":"","_genesis_layout":"","footnotes":""},"categories":[54],"tags":[],"class_list":{"0":"post-887","1":"post","2":"type-post","3":"status-publish","4":"format-standard","6":"category-news","7":"entry"},"_links":{"self":[{"href":"https:\/\/turismo.cm-santiagocacem.pt\/en\/wp-json\/wp\/v2\/posts\/887","targetHints":{"allow":["GET"]}}],"collection":[{"href":"https:\/\/turismo.cm-santiagocacem.pt\/en\/wp-json\/wp\/v2\/posts"}],"about":[{"href":"https:\/\/turismo.cm-santiagocacem.pt\/en\/wp-json\/wp\/v2\/types\/post"}],"author":[{"embeddable":true,"href":"https:\/\/turismo.cm-santiagocacem.pt\/en\/wp-json\/wp\/v2\/users\/2"}],"replies":[{"embeddable":true,"href":"https:\/\/turismo.cm-santiagocacem.pt\/en\/wp-json\/wp\/v2\/comments?post=887"}],"version-history":[{"count":1,"href":"https:\/\/turismo.cm-santiagocacem.pt\/en\/wp-json\/wp\/v2\/posts\/887\/revisions"}],"predecessor-version":[{"id":894,"href":"https:\/\/turismo.cm-santiagocacem.pt\/en\/wp-json\/wp\/v2\/posts\/887\/revisions\/894"}],"wp:attachment":[{"href":"https:\/\/turismo.cm-santiagocacem.pt\/en\/wp-json\/wp\/v2\/media?parent=887"}],"wp:term":[{"taxonomy":"category","embeddable":true,"href":"https:\/\/turismo.cm-santiagocacem.pt\/en\/wp-json\/wp\/v2\/categories?post=887"},{"taxonomy":"post_tag","embeddable":true,"href":"https:\/\/turismo.cm-santiagocacem.pt\/en\/wp-json\/wp\/v2\/tags?post=887"}],"curies":[{"name":"wp","href":"https:\/\/api.w.org\/{rel}","templated":true}]}}