{"id":888,"date":"2016-08-23T11:38:56","date_gmt":"2016-08-23T09:38:56","guid":{"rendered":"http:\/\/turismo.cm-santiagocacem.pt\/?p=888&#038;lang=en"},"modified":"2016-08-23T11:38:56","modified_gmt":"2016-08-23T09:38:56","slug":"preservacao-e-valorizacao-de-mirobriga-ganham-forca-redobrada","status":"publish","type":"post","link":"https:\/\/turismo.cm-santiagocacem.pt\/en\/news\/preservacao-e-valorizacao-de-mirobriga-ganham-forca-redobrada\/","title":{"rendered":"Preserva\u00e7\u00e3o e valoriza\u00e7\u00e3o de Mir\u00f3briga ganham for\u00e7a redobrada"},"content":{"rendered":"<p><span style=\"font-weight: 400;\">A C\u00e2mara Municipal, a Uni\u00e3o de Freguesias de Santiago do Cac\u00e9m, Santa Cruz e S\u00e3o Bartolomeu da Serra e a Dire\u00e7\u00e3o Regional de Cultura do Alentejo assinaram, no dia 16 de fevereiro, um protocolo para a gest\u00e3o e valoriza\u00e7\u00e3o do S\u00edtio Arqueol\u00f3gico de Mir\u00f3briga.<\/span><\/p>\n<p><span style=\"font-weight: 400;\">\u00c1lvaro Beijinha sublinha que se trata de <\/span><b>\u201cum trabalho que tem vindo a ser desenvolvido nos \u00faltimos tempos, mas agora, com a assinatura do protocolo, h\u00e1 condi\u00e7\u00f5es para outros voos\u201d.<\/b><span style=\"font-weight: 400;\"> O Presidente da CMSC n\u00e3o esquece <\/span><b>\u201co trabalho muito grande que h\u00e1 a fazer. Por um lado, na pr\u00f3pria valoriza\u00e7\u00e3o e preserva\u00e7\u00e3o, que j\u00e1 tem sido feita, mas que \u00e9 necess\u00e1rio efetuar de forma mais aprofundada. Por outro lado, na promo\u00e7\u00e3o do S\u00edtio Arqueol\u00f3gico de Mir\u00f3briga, dando-lhe uma cada vez maior visibilidade, n\u00e3o apenas a n\u00edvel nacional, mas tamb\u00e9m internacional, como fator atrativo de pessoas ao nosso Munic\u00edpio\u201d<\/b><span style=\"font-weight: 400;\">. \u00c1lvaro Beijinha recorda, tamb\u00e9m, um dos factores distintivos de Mir\u00f3briga. <\/span><b>\u201cTemos a felicidade de ter algo que \u00e9 in\u00e9dito. Al\u00e9m de um s\u00edtio arqueol\u00f3gico bem preservado, temos o \u00fanico hip\u00f3dromo romano em Portugal\u201d.<\/b><span style=\"font-weight: 400;\"> O novo quadro comunit\u00e1rio poder\u00e1 ser a oportunidade para fazer alguns investimentos no local. <\/span><b>\u201cUm dos projetos que se vem falando h\u00e1 alguns anos \u00e9 a constru\u00e7\u00e3o de uma r\u00e9plica daquela que era a bancada do hip\u00f3dromo; outro projeto, o \u2018Mir\u00f3briga Virtual\u2019, pretende criar um cen\u00e1rio virtual daquilo que era o s\u00edtio h\u00e1 cerca de dois mil anos\u201d.<\/b><\/p>\n<p><span style=\"font-weight: 400;\">A Diretora Regional de Cultura do Alentejo, Ana Paula Amendoeira, destaca <\/span><b>\u201do objetivo de formalizar uma rela\u00e7\u00e3o de coopera\u00e7\u00e3o que j\u00e1 vem de tr\u00e1s, entre a Dire\u00e7\u00e3o Regional, a C\u00e2mara e a Junta\u201d<\/b><span style=\"font-weight: 400;\">, mas tamb\u00e9m de <\/span><b>\u201cpromover atividades de colabora\u00e7\u00e3o que ainda n\u00e3o est\u00e3o a ser realizadas, para potenciar a import\u00e2ncia deste s\u00edtio no munic\u00edpio e na regi\u00e3o. Mir\u00f3briga \u00e9 um s\u00edtio absolutamente excecional, no contexto da arqueologia e do patrim\u00f3nio arqueol\u00f3gico nacional. Nesse sentido \u00e9 desej\u00e1vel que n\u00f3s consigamos aumentar a visibilidade da cidade romana de Mir\u00f3briga\u201d. <\/b><span style=\"font-weight: 400;\">A respons\u00e1vel enaltece a import\u00e2ncia de <\/span><b>\u201ctrabalhar em conjunto, para promover um programa de atividades culturais relacionados com Mir\u00f3briga, mas que tenham o objetivo da divulga\u00e7\u00e3o, da dissemina\u00e7\u00e3o, da abertura ao p\u00fablico e \u00e0s escolas, e da educa\u00e7\u00e3o patrimonial, para tornar o s\u00edtio, ainda mais, uma parte da vida cultural efetiva destas popula\u00e7\u00f5es e destas comunidades\u201d.<\/b><\/p>\n<p><span style=\"font-weight: 400;\">O Presidente da Junta de Freguesia, V\u00edtor Barata, tamb\u00e9m recordou o trabalho que foi desenvolvido ainda na fase pr\u00e9-protocolo. <\/span><b>\u201cTemos colaborado muito com o S\u00edtio Arqueol\u00f3gico de Mir\u00f3briga, naquele que \u00e9 um dos grandes desideratos do poder local democr\u00e1tico, que \u00e9 a preserva\u00e7\u00e3o e a divulga\u00e7\u00e3o do nosso patrim\u00f3nio cultural, da nossa mem\u00f3ria colectiva\u201d.<\/b><span style=\"font-weight: 400;\"> O autarca assegura, nesta fase em que a gest\u00e3o, preserva\u00e7\u00e3o e valoriza\u00e7\u00e3o de Mir\u00f3briga ganham uma for\u00e7a redobrada, que esse mesmo trabalho continuar\u00e1 a ser feito <\/span><b>\u201ccom todo o gosto e empenho\u201d.<\/b><\/p>\n<p><span style=\"font-weight: 400;\">A assinatura do protocolo decorreu no Centro Interpretativo de Mir\u00f3briga, na presen\u00e7a de autarcas, entidades parceiras e convidados, que foram desafiados a manter e inclusive a intensificar o trabalho de parceria que tem vindo a ser desenvolvido at\u00e9 \u00e0 data.<\/span><\/p>\n","protected":false},"excerpt":{"rendered":"<p>A C\u00e2mara Municipal, a Uni\u00e3o de Freguesias de Santiago do Cac\u00e9m, Santa Cruz e S\u00e3o Bartolomeu da Serra e a Dire\u00e7\u00e3o Regional de Cultura do Alentejo assinaram, no dia 16 de fevereiro, um protocolo para a gest\u00e3o e valoriza\u00e7\u00e3o do S\u00edtio Arqueol\u00f3gico de Mir\u00f3briga. \u00c1lvaro Beijinha sublinha que se trata de \u201cum trabalho que tem [&hellip;]<\/p>\n","protected":false},"author":2,"featured_media":0,"comment_status":"closed","ping_status":"closed","sticky":false,"template":"","format":"standard","meta":{"_genesis_hide_title":false,"_genesis_hide_breadcrumbs":false,"_genesis_hide_singular_image":false,"_genesis_hide_footer_widgets":false,"_genesis_custom_body_class":"","_genesis_custom_post_class":"","_genesis_layout":"","footnotes":""},"categories":[54],"tags":[],"class_list":{"0":"post-888","1":"post","2":"type-post","3":"status-publish","4":"format-standard","6":"category-news","7":"entry"},"_links":{"self":[{"href":"https:\/\/turismo.cm-santiagocacem.pt\/en\/wp-json\/wp\/v2\/posts\/888","targetHints":{"allow":["GET"]}}],"collection":[{"href":"https:\/\/turismo.cm-santiagocacem.pt\/en\/wp-json\/wp\/v2\/posts"}],"about":[{"href":"https:\/\/turismo.cm-santiagocacem.pt\/en\/wp-json\/wp\/v2\/types\/post"}],"author":[{"embeddable":true,"href":"https:\/\/turismo.cm-santiagocacem.pt\/en\/wp-json\/wp\/v2\/users\/2"}],"replies":[{"embeddable":true,"href":"https:\/\/turismo.cm-santiagocacem.pt\/en\/wp-json\/wp\/v2\/comments?post=888"}],"version-history":[{"count":1,"href":"https:\/\/turismo.cm-santiagocacem.pt\/en\/wp-json\/wp\/v2\/posts\/888\/revisions"}],"predecessor-version":[{"id":895,"href":"https:\/\/turismo.cm-santiagocacem.pt\/en\/wp-json\/wp\/v2\/posts\/888\/revisions\/895"}],"wp:attachment":[{"href":"https:\/\/turismo.cm-santiagocacem.pt\/en\/wp-json\/wp\/v2\/media?parent=888"}],"wp:term":[{"taxonomy":"category","embeddable":true,"href":"https:\/\/turismo.cm-santiagocacem.pt\/en\/wp-json\/wp\/v2\/categories?post=888"},{"taxonomy":"post_tag","embeddable":true,"href":"https:\/\/turismo.cm-santiagocacem.pt\/en\/wp-json\/wp\/v2\/tags?post=888"}],"curies":[{"name":"wp","href":"https:\/\/api.w.org\/{rel}","templated":true}]}}