{"id":1039,"date":"2017-01-16T19:46:04","date_gmt":"2017-01-16T17:46:04","guid":{"rendered":"http:\/\/turismo.cm-santiagocacem.pt\/es\/?p=1039"},"modified":"2017-01-16T19:59:21","modified_gmt":"2017-01-16T17:59:21","slug":"3er-festival-de-la-anguila-laguna-de-santo-andre-promete-volver-a-atraer-a-miles-de-visitantes","status":"publish","type":"post","link":"https:\/\/turismo.cm-santiagocacem.pt\/es\/noticias-es\/3er-festival-de-la-anguila-laguna-de-santo-andre-promete-volver-a-atraer-a-miles-de-visitantes\/","title":{"rendered":"3er Festival de la anguila Laguna de Santo Andr\u00e9 promete volver a atraer a miles de visitantes"},"content":{"rendered":"<p>Las expectativas son altas para la 3\u00aa edici\u00f3n del Festival de la anguila de Laguna de Santo Andr\u00e9 &#8211; Muestra Gastron\u00f3mica de Restaurantes, tras el \u00e9xito de los dos primeros a\u00f1os del evento. Del 20 al 29 de enero se espera que miles de visitantes de todo el pa\u00eds e incluso en la vecina Espa\u00f1a. La organizaci\u00f3n est\u00e1 a cargo de la Municipalidad de Santiago do Cac\u00e9m (MSC), con el apoyo del Consejo de la\u00a0Junta de Freguesia de Santo\u00a0Andr\u00e9.<\/p>\n<p>Durante diez d\u00edas, los restaurantes Cascalheira, Chez Daniel, Martins, Faz-te Esperto, Ti Lena, A Charrua &#8211; Kasa das Espetadas, Quinta do Giz, Tasquinha do Il\u00eddio, Snack-bar Arco Iris, Cantar D&#8217;alto, Ti Adelia y Cantinho dos Sabores, todos ellos situados en la parroquia de San Andr\u00e9s, se ofrecen varios platos confecionados con una de las maravillas gastron\u00f3micas locales m\u00e1s tradicionales, un aumento de dos establecimientos en relaci\u00f3n con la segunda edici\u00f3n del Festival y cinco en el debut el a\u00f1o.<br \/>\n<img loading=\"lazy\" decoding=\"async\" class=\"alignnone wp-image-1032 size-full\" src=\"http:\/\/turismo.cm-santiagocacem.pt\/wp-content\/uploads\/Festival-da-Enguia-da-Lagoa-de-Santo-Andr\u00e9-3.jpg\" alt=\"Festival da Enguia da Lagoa de Santo Andr\u00e9 (3)\" width=\"2500\" height=\"1667\" srcset=\"https:\/\/turismo.cm-santiagocacem.pt\/wp-content\/uploads\/Festival-da-Enguia-da-Lagoa-de-Santo-Andr\u00e9-3.jpg 2500w, https:\/\/turismo.cm-santiagocacem.pt\/wp-content\/uploads\/Festival-da-Enguia-da-Lagoa-de-Santo-Andr\u00e9-3-300x200.jpg 300w, https:\/\/turismo.cm-santiagocacem.pt\/wp-content\/uploads\/Festival-da-Enguia-da-Lagoa-de-Santo-Andr\u00e9-3-1024x683.jpg 1024w, https:\/\/turismo.cm-santiagocacem.pt\/wp-content\/uploads\/Festival-da-Enguia-da-Lagoa-de-Santo-Andr\u00e9-3-325x217.jpg 325w\" sizes=\"auto, (max-width: 2500px) 100vw, 2500px\" \/><\/p>\n<p>\u00abEs con gran satisfacci\u00f3n que vemos que el n\u00famero de restaurantes que se han sumado a la iniciativa ha crecido\u00bb, dijo Alvaro Beijinha, Presidente de MSC, que no tiene ninguna duda de que este aumento ser\u00e1 \u00absin duda una cualidad a\u00f1adir\u00bb, mientras que \u00bb este es el m\u00e1s importante. En esta 3\u00aa edici\u00f3n intentamos una vez m\u00e1s para divulgar este manjar, que es muy propia laguna de San Andr\u00e9s. Sabemos que la confecci\u00f3n de la anguila, en particular en la parroquia de San Andr\u00e9s, est\u00e1 profundamente arraigada. Queremos valorar este patrimonio y tambi\u00e9n para contribuir a impulsar la econom\u00eda local, en particular, la restauraci\u00f3n de la parroquia, a la vez que es baja. Tambi\u00e9n queremos promover, obviamente, la parroquia de San Andr\u00e9s, la promoci\u00f3n de la municipalidad, y obtener, al igual que los dos a\u00f1os anteriores, que atrae a una gran cantidad de personas que vienen de todo el pa\u00eds e incluso en Espa\u00f1a \u00ab.<\/p>\n<p>\u00abNosotros, desde el principio, con un producto de alta calidad\u00bb, dice Alvaro Beijinha, dado que \u00abla Laguna de Santo Andr\u00e9 es un ex-libris integrada del medio ambiente en una reserva natural.\u00bb El presidente del MSC recuerda la opini\u00f3n de los pescadores y cocineros locales. \u00abEste es el momento en que la anguila es m\u00e1s jugosa, es &#8216;no tiene sentido&#8217; para ser confecionada\u00bb.<\/p>\n<p><img loading=\"lazy\" decoding=\"async\" class=\"alignnone wp-image-1031 size-full\" src=\"http:\/\/turismo.cm-santiagocacem.pt\/wp-content\/uploads\/Festival-da-Enguia-da-Lagoa-de-Santo-Andr\u00e9-2.jpg\" alt=\"Festival da Enguia da Lagoa de Santo Andr\u00e9 (2)\" width=\"2500\" height=\"1667\" srcset=\"https:\/\/turismo.cm-santiagocacem.pt\/wp-content\/uploads\/Festival-da-Enguia-da-Lagoa-de-Santo-Andr\u00e9-2.jpg 2500w, https:\/\/turismo.cm-santiagocacem.pt\/wp-content\/uploads\/Festival-da-Enguia-da-Lagoa-de-Santo-Andr\u00e9-2-300x200.jpg 300w, https:\/\/turismo.cm-santiagocacem.pt\/wp-content\/uploads\/Festival-da-Enguia-da-Lagoa-de-Santo-Andr\u00e9-2-1024x683.jpg 1024w, https:\/\/turismo.cm-santiagocacem.pt\/wp-content\/uploads\/Festival-da-Enguia-da-Lagoa-de-Santo-Andr\u00e9-2-325x217.jpg 325w\" sizes=\"auto, (max-width: 2500px) 100vw, 2500px\" \/><\/p>\n<p>\u00abLa expectativa es a\u00fan muy alta, este a\u00f1o a\u00fan m\u00e1s que el a\u00f1o pasado, porque tenemos dos restaurantes m\u00e1s, queremos atraer a m\u00e1s personas. En a\u00f1os anteriores hemos conseguido que tenga un perfil alto, incluso en los medios nacionales. El \u00e9xito fue simplemente enorme en la primera edici\u00f3n. El a\u00f1o pasado logramos atraer a m\u00e1s personas, el Festival es hasta cimentar de manera muy r\u00e1pida. Tenemos una expectativa muy alta y restaurantes, as\u00ed \u00ab, dice Alvaro Beijinha.<\/p>\n<p>Transversalmente, el Ayuntamiento quiere volver a sorprender a los visitantes no s\u00f3lo por la calidad de la anguila y sabores \u00fanicos de la cocina local, pero sobre todo la ciudad natural, hist\u00f3rico y cultural.<br \/>\n<img loading=\"lazy\" decoding=\"async\" class=\"alignnone wp-image-1034 size-full\" src=\"http:\/\/turismo.cm-santiagocacem.pt\/wp-content\/uploads\/festival-da-enguia.jpg\" alt=\"festival da enguia\" width=\"1947\" height=\"2953\" srcset=\"https:\/\/turismo.cm-santiagocacem.pt\/wp-content\/uploads\/festival-da-enguia.jpg 1947w, https:\/\/turismo.cm-santiagocacem.pt\/wp-content\/uploads\/festival-da-enguia-198x300.jpg 198w, https:\/\/turismo.cm-santiagocacem.pt\/wp-content\/uploads\/festival-da-enguia-675x1024.jpg 675w, https:\/\/turismo.cm-santiagocacem.pt\/wp-content\/uploads\/festival-da-enguia-325x493.jpg 325w\" sizes=\"auto, (max-width: 1947px) 100vw, 1947px\" \/><\/p>\n<p>Anguilas fritas, a la plancha, guisado de anguila, anguilas chairshot, o cataplana anguilas son algunos de los platos que los doce restaurantes participantes ofrecen dentro de los diez d\u00edas del Festival, que ser\u00e1 amenizada con momentos de ocio culturales que prometen ser el complemento ideal el aspecto gastron\u00f3mico. La iniciativa no tiene car\u00e1cter competitivo, ni asume ninguna clasificaci\u00f3n entre los participantes, que ser\u00e1n, una vez m\u00e1s, exclusivamente centrado en hacer conocer lo que se considera como el orgullo de la cocina local.<\/p>\n<p>Ver los <a href=\"http:\/\/turismo.cm-santiagocacem.pt\/wp-content\/uploads\/Programa-do-3.\u00ba-Festival-da-Enguia.pdf\">men\u00fas<\/a> de los restaurantes participantes.<\/p>\n","protected":false},"excerpt":{"rendered":"<p>Las expectativas son altas para la 3\u00aa edici\u00f3n del Festival de la anguila de Laguna de Santo Andr\u00e9 &#8211; Muestra Gastron\u00f3mica de Restaurantes, tras el \u00e9xito de los dos primeros a\u00f1os del evento. Del 20 al 29 de enero se espera que miles de visitantes de todo el pa\u00eds e incluso en la vecina Espa\u00f1a. [&hellip;]<\/p>\n","protected":false},"author":5,"featured_media":1033,"comment_status":"closed","ping_status":"closed","sticky":false,"template":"","format":"standard","meta":{"_genesis_hide_title":false,"_genesis_hide_breadcrumbs":false,"_genesis_hide_singular_image":false,"_genesis_hide_footer_widgets":false,"_genesis_custom_body_class":"","_genesis_custom_post_class":"","_genesis_layout":"","footnotes":""},"categories":[56],"tags":[135,136],"class_list":{"0":"post-1039","1":"post","2":"type-post","3":"status-publish","4":"format-standard","5":"has-post-thumbnail","7":"category-noticias-es","8":"tag-festival-enguias","9":"tag-lagoa-de-santo-andre","10":"entry"},"_links":{"self":[{"href":"https:\/\/turismo.cm-santiagocacem.pt\/es\/wp-json\/wp\/v2\/posts\/1039","targetHints":{"allow":["GET"]}}],"collection":[{"href":"https:\/\/turismo.cm-santiagocacem.pt\/es\/wp-json\/wp\/v2\/posts"}],"about":[{"href":"https:\/\/turismo.cm-santiagocacem.pt\/es\/wp-json\/wp\/v2\/types\/post"}],"author":[{"embeddable":true,"href":"https:\/\/turismo.cm-santiagocacem.pt\/es\/wp-json\/wp\/v2\/users\/5"}],"replies":[{"embeddable":true,"href":"https:\/\/turismo.cm-santiagocacem.pt\/es\/wp-json\/wp\/v2\/comments?post=1039"}],"version-history":[{"count":3,"href":"https:\/\/turismo.cm-santiagocacem.pt\/es\/wp-json\/wp\/v2\/posts\/1039\/revisions"}],"predecessor-version":[{"id":1045,"href":"https:\/\/turismo.cm-santiagocacem.pt\/es\/wp-json\/wp\/v2\/posts\/1039\/revisions\/1045"}],"wp:featuredmedia":[{"embeddable":true,"href":"https:\/\/turismo.cm-santiagocacem.pt\/es\/wp-json\/wp\/v2\/media\/1033"}],"wp:attachment":[{"href":"https:\/\/turismo.cm-santiagocacem.pt\/es\/wp-json\/wp\/v2\/media?parent=1039"}],"wp:term":[{"taxonomy":"category","embeddable":true,"href":"https:\/\/turismo.cm-santiagocacem.pt\/es\/wp-json\/wp\/v2\/categories?post=1039"},{"taxonomy":"post_tag","embeddable":true,"href":"https:\/\/turismo.cm-santiagocacem.pt\/es\/wp-json\/wp\/v2\/tags?post=1039"}],"curies":[{"name":"wp","href":"https:\/\/api.w.org\/{rel}","templated":true}]}}