{"id":1222,"date":"2017-10-10T12:54:45","date_gmt":"2017-10-10T10:54:45","guid":{"rendered":"http:\/\/turismo.cm-santiagocacem.pt\/?p=1222\/"},"modified":"2017-10-10T12:54:45","modified_gmt":"2017-10-10T10:54:45","slug":"3o-festival-del-tomate-de-alvalade-con-balance-bastante-positivo","status":"publish","type":"post","link":"https:\/\/turismo.cm-santiagocacem.pt\/es\/noticias-es\/3o-festival-del-tomate-de-alvalade-con-balance-bastante-positivo\/","title":{"rendered":"3\u00ba Festival del Tomate de Alvalade con balance bastante positivo"},"content":{"rendered":"<p>El Municipio de Santiago do Cac\u00e9m organiz\u00f3, entre 8 y 10 de septiembre, la tercera edici\u00f3n del \u00abFestival del Tomate de Alvalade | \u00abMimosa &#8211; muestra gastron\u00f3mica en los restaurantes\u00bb, que cont\u00f3 con el apoyo de la Junta de Poblaci\u00f3n de Alvalade y de Alensado, CRL. El objetivo principal pasa por impulsar la econom\u00eda local a trav\u00e9s de un producto de reconocida calidad como patrimonio gastron\u00f3mico local &#8211; el tomate -, pero tambi\u00e9n promover la gastronom\u00eda.<br \/>\nLos platos a disposici\u00f3n de los visitantes fueron todos confeccionados con tomate de Alvalade, producido por asociados de la Alensado, CRL, que disponibiliz\u00f3 para esta edici\u00f3n cerca de 800 kg de este producto agr\u00edcola cultivado en la parroquia desde 1959.<\/p>\n<p><img loading=\"lazy\" decoding=\"async\" class=\"alignnone wp-image-1212 size-full\" src=\"http:\/\/turismo.cm-santiagocacem.pt\/wp-content\/uploads\/Festival-do-tomate4.jpg\" alt=\"\" width=\"1000\" height=\"667\" srcset=\"https:\/\/turismo.cm-santiagocacem.pt\/wp-content\/uploads\/Festival-do-tomate4.jpg 1000w, https:\/\/turismo.cm-santiagocacem.pt\/wp-content\/uploads\/Festival-do-tomate4-300x200.jpg 300w, https:\/\/turismo.cm-santiagocacem.pt\/wp-content\/uploads\/Festival-do-tomate4-325x217.jpg 325w\" sizes=\"auto, (max-width: 1000px) 100vw, 1000px\" \/><\/p>\n<p>Los restaurantes estuvieron pr\u00e1cticamente todos llenos, tanto para el almuerzo, como para la cena. El objetivo principal fue alcanzado y promovi\u00f3 este producto que es fundamental en la parroquia de Alvalade, as\u00ed como los restaurantes.<\/p>\n<p>Los cinco establecimientos que ofrec\u00edan las delicias con base en el tomate: Restaurante Churrasqueira da Mimosa, Restaurante S\u00e3o Sebasti\u00e3o da Mimosa; Snack-bar El Mes\u00edas; Bar Casa de Petisco Bombero; Restaurante Alentejano. Sardinas en salsa de tomate, Wrap de pollo y verduras con salsa de tomate, Gaspacho Alentejano, mejillas de tostada; Caldera de Borrego, Choco frito con arroz de tomate malandrito, Bacalao con salsa de tomate, Cheesecake con dulce de tomate, fueron algunas de las propuestas que deleitaron a los visitantes.<\/p>\n<p><img loading=\"lazy\" decoding=\"async\" class=\"alignnone wp-image-1213 size-full\" src=\"http:\/\/turismo.cm-santiagocacem.pt\/wp-content\/uploads\/Festival-do-tomate6.jpg\" alt=\"\" width=\"960\" height=\"720\" srcset=\"https:\/\/turismo.cm-santiagocacem.pt\/wp-content\/uploads\/Festival-do-tomate6.jpg 960w, https:\/\/turismo.cm-santiagocacem.pt\/wp-content\/uploads\/Festival-do-tomate6-300x225.jpg 300w, https:\/\/turismo.cm-santiagocacem.pt\/wp-content\/uploads\/Festival-do-tomate6-325x244.jpg 325w\" sizes=\"auto, (max-width: 960px) 100vw, 960px\" \/><\/p>\n<p>Este a\u00f1o la novedad se prendi\u00f3 con dos noches de animaci\u00f3n que se desarrollaron en el Jardim da Mimosa, con la participaci\u00f3n de Toi Rom\u00e3o\u00a0 y Marco Filipe, que llevaron mucho p\u00fablico a este espacio renovado de la parroquia de Alvalade.<\/p>\n","protected":false},"excerpt":{"rendered":"<p>El Municipio de Santiago do Cac\u00e9m organiz\u00f3, entre 8 y 10 de septiembre, la tercera edici\u00f3n del \u00abFestival del Tomate de Alvalade | \u00abMimosa &#8211; muestra gastron\u00f3mica en los restaurantes\u00bb, que cont\u00f3 con el apoyo de la Junta de Poblaci\u00f3n de Alvalade y de Alensado, CRL. El objetivo principal pasa por impulsar la econom\u00eda local [&hellip;]<\/p>\n","protected":false},"author":5,"featured_media":1214,"comment_status":"closed","ping_status":"closed","sticky":false,"template":"","format":"standard","meta":{"_genesis_hide_title":false,"_genesis_hide_breadcrumbs":false,"_genesis_hide_singular_image":false,"_genesis_hide_footer_widgets":false,"_genesis_custom_body_class":"","_genesis_custom_post_class":"","_genesis_layout":"","footnotes":""},"categories":[56],"tags":[],"class_list":{"0":"post-1222","1":"post","2":"type-post","3":"status-publish","4":"format-standard","5":"has-post-thumbnail","7":"category-noticias-es","8":"entry"},"_links":{"self":[{"href":"https:\/\/turismo.cm-santiagocacem.pt\/es\/wp-json\/wp\/v2\/posts\/1222","targetHints":{"allow":["GET"]}}],"collection":[{"href":"https:\/\/turismo.cm-santiagocacem.pt\/es\/wp-json\/wp\/v2\/posts"}],"about":[{"href":"https:\/\/turismo.cm-santiagocacem.pt\/es\/wp-json\/wp\/v2\/types\/post"}],"author":[{"embeddable":true,"href":"https:\/\/turismo.cm-santiagocacem.pt\/es\/wp-json\/wp\/v2\/users\/5"}],"replies":[{"embeddable":true,"href":"https:\/\/turismo.cm-santiagocacem.pt\/es\/wp-json\/wp\/v2\/comments?post=1222"}],"version-history":[{"count":1,"href":"https:\/\/turismo.cm-santiagocacem.pt\/es\/wp-json\/wp\/v2\/posts\/1222\/revisions"}],"predecessor-version":[{"id":1223,"href":"https:\/\/turismo.cm-santiagocacem.pt\/es\/wp-json\/wp\/v2\/posts\/1222\/revisions\/1223"}],"wp:featuredmedia":[{"embeddable":true,"href":"https:\/\/turismo.cm-santiagocacem.pt\/es\/wp-json\/wp\/v2\/media\/1214"}],"wp:attachment":[{"href":"https:\/\/turismo.cm-santiagocacem.pt\/es\/wp-json\/wp\/v2\/media?parent=1222"}],"wp:term":[{"taxonomy":"category","embeddable":true,"href":"https:\/\/turismo.cm-santiagocacem.pt\/es\/wp-json\/wp\/v2\/categories?post=1222"},{"taxonomy":"post_tag","embeddable":true,"href":"https:\/\/turismo.cm-santiagocacem.pt\/es\/wp-json\/wp\/v2\/tags?post=1222"}],"curies":[{"name":"wp","href":"https:\/\/api.w.org\/{rel}","templated":true}]}}