{"id":1386,"date":"2018-03-01T16:29:21","date_gmt":"2018-03-01T14:29:21","guid":{"rendered":"http:\/\/turismo.cm-santiagocacem.pt\/?p=1386"},"modified":"2018-03-01T16:29:21","modified_gmt":"2018-03-01T14:29:21","slug":"el-ayuntamiento-de-santiago-do-cacem-promueve-las-potencialidades-turisticas-en-la-btl","status":"publish","type":"post","link":"https:\/\/turismo.cm-santiagocacem.pt\/es\/noticias-es\/el-ayuntamiento-de-santiago-do-cacem-promueve-las-potencialidades-turisticas-en-la-btl\/","title":{"rendered":"El Ayuntamiento de Santiago do Cac\u00e9m promueve las potencialidades tur\u00edsticas en la BTL"},"content":{"rendered":"<p>El Ayuntamiento de Santiago do Cac\u00e9m de nuevo a la Feria de Turismo de Lisboa (BTL) que se realizar\u00e1 hasta el 4 de marzo de enmarcado en gran espacio de promoci\u00f3n de la Entidad Regional de Turismo de Alentejo y Ribatejo (ERTAR), la representaci\u00f3n m\u00e1s grande jam\u00e1s de esta entidad.<\/p>\n<p><img loading=\"lazy\" decoding=\"async\" class=\"alignnone wp-image-1380 size-full\" src=\"http:\/\/turismo.cm-santiagocacem.pt\/wp-content\/uploads\/Foto-BTL-2.jpg\" alt=\"\" width=\"960\" height=\"540\" srcset=\"https:\/\/turismo.cm-santiagocacem.pt\/wp-content\/uploads\/Foto-BTL-2.jpg 960w, https:\/\/turismo.cm-santiagocacem.pt\/wp-content\/uploads\/Foto-BTL-2-300x169.jpg 300w, https:\/\/turismo.cm-santiagocacem.pt\/wp-content\/uploads\/Foto-BTL-2-325x183.jpg 325w\" sizes=\"auto, (max-width: 960px) 100vw, 960px\" \/><\/p>\n<p>El\u00a0Ayuntamiento \u00a0va a dar a conocer, a los visitantes, su oferta tur\u00edstica y cultural, explorando tambi\u00e9n su valioso patrimonio monumental y natural (como es el caso del Badoca Safari Park), en cuanto territorio con un paisaje diversificado. \u00c1lvaro Beijinha, Alcalde de Santiago do Cac\u00e9m, estuvo esta ma\u00f1ana en la apertura oficial del certamen acompa\u00f1ado por el Presidente de ERTAR, Ceia da Silva.<\/p>\n<p>En esta edici\u00f3n, se destacar\u00e1 la artesan\u00eda local a trav\u00e9s de una exposici\u00f3n, y el trabajo en vivo de la artesana Paula Lanza, el pr\u00f3ximo s\u00e1bado, que se ejecutar\u00e1 pintura en cer\u00e1mica. Tambi\u00e9n habr\u00e1 prueba de productos regionales (Bolo Santiago, Alcomon\u00edas, Caramelos de Mel y Pi\u00f1\u00f3n, Enchidos, Empadas de Perdiz, entre otros), con destaque los d\u00edas 3 y 4 para la prueba de vinos de la Herdade do Cebolal.<br \/>\nEl Ayuntamiento integrar\u00e1 el Kids Route &#8211; un proyecto de BTL para que los ni\u00f1os descubran nuestro pa\u00eds, y durante el cual se van a conocer m\u00e1s sobre Santiago do Cac\u00e9m. Se ofrecer\u00e1n regalos y descuentos en entradas en el Badoca Safari Park, para familias hasta 5 elementos.<\/p>\n<p>Con el objetivo de atraer m\u00e1s turistas al Municipio se realizar\u00e1 la promoci\u00f3n de las Unidades de Alojamiento.<\/p>\n<p>Potenciar nuevos contactos y promover los mejores negocios es uno de los objetivos de la organizaci\u00f3n de BTL, que constituye tambi\u00e9n un importante espacio de negocio y networking de todos los profesionales de Turismo. La Feria, que se encuentra en la FIL (Parque de las Naciones, Lisboa) sigue siendo un escenario abierto a debate y discusi\u00f3n en la industria, con una serie de acciones para promover el turismo al p\u00fablico.<\/p>\n","protected":false},"excerpt":{"rendered":"<p>El Ayuntamiento de Santiago do Cac\u00e9m de nuevo a la Feria de Turismo de Lisboa (BTL) que se realizar\u00e1 hasta el 4 de marzo de enmarcado en gran espacio de promoci\u00f3n de la Entidad Regional de Turismo de Alentejo y Ribatejo (ERTAR), la representaci\u00f3n m\u00e1s grande jam\u00e1s de esta entidad. El\u00a0Ayuntamiento \u00a0va a dar a [&hellip;]<\/p>\n","protected":false},"author":5,"featured_media":1382,"comment_status":"closed","ping_status":"closed","sticky":false,"template":"","format":"standard","meta":{"_genesis_hide_title":false,"_genesis_hide_breadcrumbs":false,"_genesis_hide_singular_image":false,"_genesis_hide_footer_widgets":false,"_genesis_custom_body_class":"","_genesis_custom_post_class":"","_genesis_layout":"","footnotes":""},"categories":[56],"tags":[],"class_list":{"0":"post-1386","1":"post","2":"type-post","3":"status-publish","4":"format-standard","5":"has-post-thumbnail","7":"category-noticias-es","8":"entry"},"_links":{"self":[{"href":"https:\/\/turismo.cm-santiagocacem.pt\/es\/wp-json\/wp\/v2\/posts\/1386","targetHints":{"allow":["GET"]}}],"collection":[{"href":"https:\/\/turismo.cm-santiagocacem.pt\/es\/wp-json\/wp\/v2\/posts"}],"about":[{"href":"https:\/\/turismo.cm-santiagocacem.pt\/es\/wp-json\/wp\/v2\/types\/post"}],"author":[{"embeddable":true,"href":"https:\/\/turismo.cm-santiagocacem.pt\/es\/wp-json\/wp\/v2\/users\/5"}],"replies":[{"embeddable":true,"href":"https:\/\/turismo.cm-santiagocacem.pt\/es\/wp-json\/wp\/v2\/comments?post=1386"}],"version-history":[{"count":1,"href":"https:\/\/turismo.cm-santiagocacem.pt\/es\/wp-json\/wp\/v2\/posts\/1386\/revisions"}],"predecessor-version":[{"id":1387,"href":"https:\/\/turismo.cm-santiagocacem.pt\/es\/wp-json\/wp\/v2\/posts\/1386\/revisions\/1387"}],"wp:featuredmedia":[{"embeddable":true,"href":"https:\/\/turismo.cm-santiagocacem.pt\/es\/wp-json\/wp\/v2\/media\/1382"}],"wp:attachment":[{"href":"https:\/\/turismo.cm-santiagocacem.pt\/es\/wp-json\/wp\/v2\/media?parent=1386"}],"wp:term":[{"taxonomy":"category","embeddable":true,"href":"https:\/\/turismo.cm-santiagocacem.pt\/es\/wp-json\/wp\/v2\/categories?post=1386"},{"taxonomy":"post_tag","embeddable":true,"href":"https:\/\/turismo.cm-santiagocacem.pt\/es\/wp-json\/wp\/v2\/tags?post=1386"}],"curies":[{"name":"wp","href":"https:\/\/api.w.org\/{rel}","templated":true}]}}