{"id":1394,"date":"2018-03-01T16:39:39","date_gmt":"2018-03-01T14:39:39","guid":{"rendered":"http:\/\/turismo.cm-santiagocacem.pt\/?p=1394"},"modified":"2018-03-01T16:40:22","modified_gmt":"2018-03-01T14:40:22","slug":"1394","status":"publish","type":"post","link":"https:\/\/turismo.cm-santiagocacem.pt\/es\/noticias-es\/1394\/","title":{"rendered":"Apertura de la Laguna al Mar 28 de marzo a las 16:00"},"content":{"rendered":"<p>La apertura de la Laguna de Santo Andr\u00e9 al mar est\u00e1 programada para el 28 de marzo (mi\u00e9rcoles), a las 16:00. Cada a\u00f1o, la ocasi\u00f3n trae a cientos de personas a la Laguna de Santo Andr\u00e9, que no quieren perder un espect\u00e1culo de rara belleza. Se pueden producir cambios en el planeado, en funci\u00f3n de los factores f\u00edsicos actuantes, en particular condicionantes climat\u00e9ricos y estado del mar.<\/p>\n<p><img loading=\"lazy\" decoding=\"async\" class=\"alignnone wp-image-1389 size-large\" src=\"http:\/\/turismo.cm-santiagocacem.pt\/wp-content\/uploads\/DSC_Abertura-Lagoa-de-Santo-Andr\u00e9-2017-CMSC-1024x683.jpg\" alt=\"\" width=\"1024\" height=\"683\" srcset=\"https:\/\/turismo.cm-santiagocacem.pt\/wp-content\/uploads\/DSC_Abertura-Lagoa-de-Santo-Andr\u00e9-2017-CMSC-1024x683.jpg 1024w, https:\/\/turismo.cm-santiagocacem.pt\/wp-content\/uploads\/DSC_Abertura-Lagoa-de-Santo-Andr\u00e9-2017-CMSC-300x200.jpg 300w, https:\/\/turismo.cm-santiagocacem.pt\/wp-content\/uploads\/DSC_Abertura-Lagoa-de-Santo-Andr\u00e9-2017-CMSC-325x217.jpg 325w, https:\/\/turismo.cm-santiagocacem.pt\/wp-content\/uploads\/DSC_Abertura-Lagoa-de-Santo-Andr\u00e9-2017-CMSC.jpg 1152w\" sizes=\"auto, (max-width: 1024px) 100vw, 1024px\" \/><\/p>\n<p>La apertura de la Laguna de Santo Andr\u00e9 se realiza todos los a\u00f1os a la vez siempre cerca del equinoccio de primavera, un proceso que est\u00e1 a cargo de la Agencia de Medio Ambiente portugu\u00e9s \/ Administraci\u00f3n de la Regi\u00f3n Hidrogr\u00e1fica del Alentejo.<\/p>\n<p>La apertura de la Lagoa de Santo Andr\u00e9 al mar tiene por objetivo la renovaci\u00f3n del agua de la laguna, la limpieza y lavado de su fondo y la entrada de algunas especies pisc\u00edcolas, con destaque para los alvinos y anguilas. El proceso, otrora hecho por la fuerza de \u00abbrazos y animales\u00bb, fue sustituido hace varios a\u00f1os por m\u00e1quinas.<\/p>\n","protected":false},"excerpt":{"rendered":"<p>La apertura de la Laguna de Santo Andr\u00e9 al mar est\u00e1 programada para el 28 de marzo (mi\u00e9rcoles), a las 16:00. Cada a\u00f1o, la ocasi\u00f3n trae a cientos de personas a la Laguna de Santo Andr\u00e9, que no quieren perder un espect\u00e1culo de rara belleza. Se pueden producir cambios en el planeado, en funci\u00f3n de [&hellip;]<\/p>\n","protected":false},"author":5,"featured_media":1390,"comment_status":"closed","ping_status":"closed","sticky":false,"template":"","format":"standard","meta":{"_genesis_hide_title":false,"_genesis_hide_breadcrumbs":false,"_genesis_hide_singular_image":false,"_genesis_hide_footer_widgets":false,"_genesis_custom_body_class":"","_genesis_custom_post_class":"","_genesis_layout":"","footnotes":""},"categories":[56],"tags":[136],"class_list":{"0":"post-1394","1":"post","2":"type-post","3":"status-publish","4":"format-standard","5":"has-post-thumbnail","7":"category-noticias-es","8":"tag-lagoa-de-santo-andre","9":"entry"},"_links":{"self":[{"href":"https:\/\/turismo.cm-santiagocacem.pt\/es\/wp-json\/wp\/v2\/posts\/1394","targetHints":{"allow":["GET"]}}],"collection":[{"href":"https:\/\/turismo.cm-santiagocacem.pt\/es\/wp-json\/wp\/v2\/posts"}],"about":[{"href":"https:\/\/turismo.cm-santiagocacem.pt\/es\/wp-json\/wp\/v2\/types\/post"}],"author":[{"embeddable":true,"href":"https:\/\/turismo.cm-santiagocacem.pt\/es\/wp-json\/wp\/v2\/users\/5"}],"replies":[{"embeddable":true,"href":"https:\/\/turismo.cm-santiagocacem.pt\/es\/wp-json\/wp\/v2\/comments?post=1394"}],"version-history":[{"count":2,"href":"https:\/\/turismo.cm-santiagocacem.pt\/es\/wp-json\/wp\/v2\/posts\/1394\/revisions"}],"predecessor-version":[{"id":1396,"href":"https:\/\/turismo.cm-santiagocacem.pt\/es\/wp-json\/wp\/v2\/posts\/1394\/revisions\/1396"}],"wp:featuredmedia":[{"embeddable":true,"href":"https:\/\/turismo.cm-santiagocacem.pt\/es\/wp-json\/wp\/v2\/media\/1390"}],"wp:attachment":[{"href":"https:\/\/turismo.cm-santiagocacem.pt\/es\/wp-json\/wp\/v2\/media?parent=1394"}],"wp:term":[{"taxonomy":"category","embeddable":true,"href":"https:\/\/turismo.cm-santiagocacem.pt\/es\/wp-json\/wp\/v2\/categories?post=1394"},{"taxonomy":"post_tag","embeddable":true,"href":"https:\/\/turismo.cm-santiagocacem.pt\/es\/wp-json\/wp\/v2\/tags?post=1394"}],"curies":[{"name":"wp","href":"https:\/\/api.w.org\/{rel}","templated":true}]}}