{"id":1399,"date":"2018-02-07T16:44:13","date_gmt":"2018-02-07T14:44:13","guid":{"rendered":"http:\/\/turismo.cm-santiagocacem.pt\/?p=1399"},"modified":"2018-03-01T16:44:59","modified_gmt":"2018-03-01T14:44:59","slug":"festival-de-sopas","status":"publish","type":"post","link":"https:\/\/turismo.cm-santiagocacem.pt\/es\/noticias-es\/festival-de-sopas\/","title":{"rendered":"Festival de Sopas"},"content":{"rendered":"<p>Dia 17 de fevereiro, 18h30, Pavilh\u00e3o Municipal de Exposi\u00e7\u00f5es em Santiago do Cac\u00e9m<\/p>\n","protected":false},"excerpt":{"rendered":"<p>Dia 17 de fevereiro, 18h30, Pavilh\u00e3o Municipal de Exposi\u00e7\u00f5es em Santiago do Cac\u00e9m<\/p>\n","protected":false},"author":5,"featured_media":1398,"comment_status":"closed","ping_status":"closed","sticky":false,"template":"","format":"standard","meta":{"_genesis_hide_title":false,"_genesis_hide_breadcrumbs":false,"_genesis_hide_singular_image":false,"_genesis_hide_footer_widgets":false,"_genesis_custom_body_class":"","_genesis_custom_post_class":"","_genesis_layout":"","footnotes":""},"categories":[56],"tags":[],"class_list":{"0":"post-1399","1":"post","2":"type-post","3":"status-publish","4":"format-standard","5":"has-post-thumbnail","7":"category-noticias-es","8":"entry"},"_links":{"self":[{"href":"https:\/\/turismo.cm-santiagocacem.pt\/es\/wp-json\/wp\/v2\/posts\/1399","targetHints":{"allow":["GET"]}}],"collection":[{"href":"https:\/\/turismo.cm-santiagocacem.pt\/es\/wp-json\/wp\/v2\/posts"}],"about":[{"href":"https:\/\/turismo.cm-santiagocacem.pt\/es\/wp-json\/wp\/v2\/types\/post"}],"author":[{"embeddable":true,"href":"https:\/\/turismo.cm-santiagocacem.pt\/es\/wp-json\/wp\/v2\/users\/5"}],"replies":[{"embeddable":true,"href":"https:\/\/turismo.cm-santiagocacem.pt\/es\/wp-json\/wp\/v2\/comments?post=1399"}],"version-history":[{"count":1,"href":"https:\/\/turismo.cm-santiagocacem.pt\/es\/wp-json\/wp\/v2\/posts\/1399\/revisions"}],"predecessor-version":[{"id":1400,"href":"https:\/\/turismo.cm-santiagocacem.pt\/es\/wp-json\/wp\/v2\/posts\/1399\/revisions\/1400"}],"wp:featuredmedia":[{"embeddable":true,"href":"https:\/\/turismo.cm-santiagocacem.pt\/es\/wp-json\/wp\/v2\/media\/1398"}],"wp:attachment":[{"href":"https:\/\/turismo.cm-santiagocacem.pt\/es\/wp-json\/wp\/v2\/media?parent=1399"}],"wp:term":[{"taxonomy":"category","embeddable":true,"href":"https:\/\/turismo.cm-santiagocacem.pt\/es\/wp-json\/wp\/v2\/categories?post=1399"},{"taxonomy":"post_tag","embeddable":true,"href":"https:\/\/turismo.cm-santiagocacem.pt\/es\/wp-json\/wp\/v2\/tags?post=1399"}],"curies":[{"name":"wp","href":"https:\/\/api.w.org\/{rel}","templated":true}]}}