{"id":1435,"date":"2018-04-19T16:41:48","date_gmt":"2018-04-19T14:41:48","guid":{"rendered":"http:\/\/turismo.cm-santiagocacem.pt\/?p=1435"},"modified":"2018-04-19T16:43:07","modified_gmt":"2018-04-19T14:43:07","slug":"1435","status":"publish","type":"post","link":"https:\/\/turismo.cm-santiagocacem.pt\/es\/noticias-es\/1435\/","title":{"rendered":"Santiago del Cac\u00e9m registra el mayor \u00edndice de crecimiento tur\u00edstico del Litoral Alentejano"},"content":{"rendered":"<p>Santiago del Cac\u00e9m fue el municipio del Litoral Alentejano (LA) que m\u00e1s creci\u00f3 a nivel del turismo en el a\u00f1o 2016. Seg\u00fan los \u00faltimos datos divulgados por el Instituto Nacional de Estad\u00edstica que compara el a\u00f1o 2016 con relaci\u00f3n al a\u00f1o 2015.<\/p>\n<p>Este aumento de la demanda, por parte de los turistas tanto nacionales como extranjeros, refleja\u00a0 la estrategia municipal al nivel de la promoci\u00f3n, como son ejemplos: la participaci\u00f3n en BTL, la integraci\u00f3n de delegaciones a nivel internacional, la organizaci\u00f3n de Ferias y Certamos (Santiagro y Feria del Monte, que han batido en los \u00faltimos a\u00f1os n\u00fameros r\u00e9cord de entradas), de Festivales Gastron\u00f3micos (de la Anguila de la Laguna de la ciudad de S\u00e3o Paulo y del Tomate en Alvalade), de iniciativas culturales donde la C\u00e1mara es organizadora y \/ o asociada, la creaci\u00f3n de la Ruta de los Museos, la asociaci\u00f3n con la Direcci\u00f3n Regional de Cultura del Alentejo para dinamizar las Ruinas Romanas de Mir\u00f3briga, as\u00ed como la revitalizaci\u00f3n del patrimonio.<\/p>\n<p>La remodelaci\u00f3n del espacio p\u00fablico de las ciudades, pueblos y aldeas del Municipio, haci\u00e9ndolas m\u00e1s atractivas y devueltas a las personas, es un \u00e1rea de actuaci\u00f3n en la que el Ayuntamiento est\u00e1 ampliamente involucrado y que contribuye a estos resultados.<\/p>\n<p>&nbsp;<\/p>\n","protected":false},"excerpt":{"rendered":"<p>Santiago del Cac\u00e9m fue el municipio del Litoral Alentejano (LA) que m\u00e1s creci\u00f3 a nivel del turismo en el a\u00f1o 2016. Seg\u00fan los \u00faltimos datos divulgados por el Instituto Nacional de Estad\u00edstica que compara el a\u00f1o 2016 con relaci\u00f3n al a\u00f1o 2015. Este aumento de la demanda, por parte de los turistas tanto nacionales como [&hellip;]<\/p>\n","protected":false},"author":5,"featured_media":1431,"comment_status":"closed","ping_status":"closed","sticky":false,"template":"","format":"standard","meta":{"_genesis_hide_title":false,"_genesis_hide_breadcrumbs":false,"_genesis_hide_singular_image":false,"_genesis_hide_footer_widgets":false,"_genesis_custom_body_class":"","_genesis_custom_post_class":"","_genesis_layout":"","footnotes":""},"categories":[56],"tags":[],"class_list":{"0":"post-1435","1":"post","2":"type-post","3":"status-publish","4":"format-standard","5":"has-post-thumbnail","7":"category-noticias-es","8":"entry"},"_links":{"self":[{"href":"https:\/\/turismo.cm-santiagocacem.pt\/es\/wp-json\/wp\/v2\/posts\/1435","targetHints":{"allow":["GET"]}}],"collection":[{"href":"https:\/\/turismo.cm-santiagocacem.pt\/es\/wp-json\/wp\/v2\/posts"}],"about":[{"href":"https:\/\/turismo.cm-santiagocacem.pt\/es\/wp-json\/wp\/v2\/types\/post"}],"author":[{"embeddable":true,"href":"https:\/\/turismo.cm-santiagocacem.pt\/es\/wp-json\/wp\/v2\/users\/5"}],"replies":[{"embeddable":true,"href":"https:\/\/turismo.cm-santiagocacem.pt\/es\/wp-json\/wp\/v2\/comments?post=1435"}],"version-history":[{"count":2,"href":"https:\/\/turismo.cm-santiagocacem.pt\/es\/wp-json\/wp\/v2\/posts\/1435\/revisions"}],"predecessor-version":[{"id":1437,"href":"https:\/\/turismo.cm-santiagocacem.pt\/es\/wp-json\/wp\/v2\/posts\/1435\/revisions\/1437"}],"wp:featuredmedia":[{"embeddable":true,"href":"https:\/\/turismo.cm-santiagocacem.pt\/es\/wp-json\/wp\/v2\/media\/1431"}],"wp:attachment":[{"href":"https:\/\/turismo.cm-santiagocacem.pt\/es\/wp-json\/wp\/v2\/media?parent=1435"}],"wp:term":[{"taxonomy":"category","embeddable":true,"href":"https:\/\/turismo.cm-santiagocacem.pt\/es\/wp-json\/wp\/v2\/categories?post=1435"},{"taxonomy":"post_tag","embeddable":true,"href":"https:\/\/turismo.cm-santiagocacem.pt\/es\/wp-json\/wp\/v2\/tags?post=1435"}],"curies":[{"name":"wp","href":"https:\/\/api.w.org\/{rel}","templated":true}]}}