{"id":1741,"date":"2019-09-06T11:52:47","date_gmt":"2019-09-06T09:52:47","guid":{"rendered":"http:\/\/turismo.cm-santiagocacem.pt\/?p=1741"},"modified":"2019-09-06T12:06:36","modified_gmt":"2019-09-06T10:06:36","slug":"ceremonia-de-lanzamiento-camino-de-santiago-alentejo-ribatejo","status":"publish","type":"post","link":"https:\/\/turismo.cm-santiagocacem.pt\/es\/noticias-es\/ceremonia-de-lanzamiento-camino-de-santiago-alentejo-ribatejo\/","title":{"rendered":"Ceremonia de lanzamiento \u00abCamino de Santiago Alentejo Ribatejo\u00bb"},"content":{"rendered":"<p>El 4 de septiembre, Santiago do Cac\u00e9m organiz\u00f3 la ceremonia de lanzamiento \u00abCaminhos de Santiago Alentejo Ribatejo\u00bb promovida por la Autoridad Regional de Turismo de Alentejo y Ribatejo y por el Ayuntamiento de Santiago do Cac\u00e9m. A la ceremonia asistieron la secretaria de Estado de Turismo, Ana Mendes Godinho, el presidente de la Autoridad Regional de Turismo de Alentejo y Ribatejo, Ant\u00f3nio Ceia da Silva, el alcalde de Santiago do Cac\u00e9m, \u00c1lvaro Beijinha, los obispos de Beja, \u00c9vora , Portalegre, entre otras entidades civiles, militares y religiosas. Guarde las im\u00e1genes de este d\u00eda que entra en nuestra historia.<\/p>\n<p id=\"tw-target-text\" class=\"tw-data-text tw-text-large tw-ta\" dir=\"ltr\" data-placeholder=\"Tradu\u00e7\u00e3o\"><span lang=\"es\" tabindex=\"0\">Obtenga m\u00e1s informaci\u00f3n en:<br \/>\n<a href=\"https:\/\/www.caminhosdesantiagoalentejoribatejo.pt\">https:\/\/www.caminhosdesantiagoalentejoribatejo.pt<\/a><br \/>\n<\/span><a href=\"https:\/\/www.facebook.com\/santiagoalentejoribatejo\/\">https:\/\/www.facebook.com\/santiagoalentejoribatejo\/<\/a><\/p>\n<p><iframe loading=\"lazy\" title=\"Cerim\u00f3nia de Lan\u00e7amento Caminhos de Santiago Alentejo Ribatejo\" width=\"500\" height=\"281\" src=\"https:\/\/www.youtube.com\/embed\/pKXQlbrNscE?feature=oembed\" frameborder=\"0\" allow=\"accelerometer; autoplay; clipboard-write; encrypted-media; gyroscope; picture-in-picture; web-share\" referrerpolicy=\"strict-origin-when-cross-origin\" allowfullscreen><\/iframe><\/p>\n","protected":false},"excerpt":{"rendered":"<p>El 4 de septiembre, Santiago do Cac\u00e9m organiz\u00f3 la ceremonia de lanzamiento \u00abCaminhos de Santiago Alentejo Ribatejo\u00bb promovida por la Autoridad Regional de Turismo de Alentejo y Ribatejo y por el Ayuntamiento de Santiago do Cac\u00e9m. A la ceremonia asistieron la secretaria de Estado de Turismo, Ana Mendes Godinho, el presidente de la Autoridad Regional [&hellip;]<\/p>\n","protected":false},"author":5,"featured_media":1743,"comment_status":"closed","ping_status":"closed","sticky":false,"template":"","format":"standard","meta":{"_genesis_hide_title":false,"_genesis_hide_breadcrumbs":false,"_genesis_hide_singular_image":false,"_genesis_hide_footer_widgets":false,"_genesis_custom_body_class":"","_genesis_custom_post_class":"","_genesis_layout":"","footnotes":""},"categories":[56],"tags":[],"class_list":{"0":"post-1741","1":"post","2":"type-post","3":"status-publish","4":"format-standard","5":"has-post-thumbnail","7":"category-noticias-es","8":"entry"},"_links":{"self":[{"href":"https:\/\/turismo.cm-santiagocacem.pt\/es\/wp-json\/wp\/v2\/posts\/1741","targetHints":{"allow":["GET"]}}],"collection":[{"href":"https:\/\/turismo.cm-santiagocacem.pt\/es\/wp-json\/wp\/v2\/posts"}],"about":[{"href":"https:\/\/turismo.cm-santiagocacem.pt\/es\/wp-json\/wp\/v2\/types\/post"}],"author":[{"embeddable":true,"href":"https:\/\/turismo.cm-santiagocacem.pt\/es\/wp-json\/wp\/v2\/users\/5"}],"replies":[{"embeddable":true,"href":"https:\/\/turismo.cm-santiagocacem.pt\/es\/wp-json\/wp\/v2\/comments?post=1741"}],"version-history":[{"count":3,"href":"https:\/\/turismo.cm-santiagocacem.pt\/es\/wp-json\/wp\/v2\/posts\/1741\/revisions"}],"predecessor-version":[{"id":1749,"href":"https:\/\/turismo.cm-santiagocacem.pt\/es\/wp-json\/wp\/v2\/posts\/1741\/revisions\/1749"}],"wp:featuredmedia":[{"embeddable":true,"href":"https:\/\/turismo.cm-santiagocacem.pt\/es\/wp-json\/wp\/v2\/media\/1743"}],"wp:attachment":[{"href":"https:\/\/turismo.cm-santiagocacem.pt\/es\/wp-json\/wp\/v2\/media?parent=1741"}],"wp:term":[{"taxonomy":"category","embeddable":true,"href":"https:\/\/turismo.cm-santiagocacem.pt\/es\/wp-json\/wp\/v2\/categories?post=1741"},{"taxonomy":"post_tag","embeddable":true,"href":"https:\/\/turismo.cm-santiagocacem.pt\/es\/wp-json\/wp\/v2\/tags?post=1741"}],"curies":[{"name":"wp","href":"https:\/\/api.w.org\/{rel}","templated":true}]}}