{"id":860,"date":"2016-08-24T11:35:12","date_gmt":"2016-08-24T09:35:12","guid":{"rendered":"http:\/\/turismo.cm-santiagocacem.pt\/?p=860&#038;lang=es"},"modified":"2016-08-24T13:59:36","modified_gmt":"2016-08-24T11:59:36","slug":"biblioteca-na-praia-desafia-banhistas-para-leituras-a-beira-mar-na-costa-de-santo-andre","status":"publish","type":"post","link":"https:\/\/turismo.cm-santiagocacem.pt\/es\/noticias-es\/biblioteca-na-praia-desafia-banhistas-para-leituras-a-beira-mar-na-costa-de-santo-andre\/","title":{"rendered":"\u00abBiblioteca na Praia\u00bb desafia banhistas para leituras \u00e0 beira-mar na Costa de Santo Andr\u00e9"},"content":{"rendered":"<p>\u00c0 semelhan\u00e7a de anos anteriores, a Biblioteca Municipal Manuel Jos\u00e9 \u201cdo Tojal\u201d, em Vila Nova de Santo Andr\u00e9, est\u00e1 a dinamizar o projeto \u201cBiblioteca na Praia\u201d, que sugere leituras \u00e0 beira-mar aos milhares de banhistas que, por esta altura, frequentam a praia da Costa de Santo Andr\u00e9. Os veraneantes t\u00eam \u00e0 sua disposi\u00e7\u00e3o, desde o dia 1 de agosto, livros, jornais, revistas e ateli\u00eas, num espa\u00e7o instalado em pleno areal.<\/p>\n<p><img loading=\"lazy\" decoding=\"async\" class=\"alignnone wp-image-623 size-large\" src=\"http:\/\/turismo.cm-santiagocacem.pt\/wp-content\/uploads\/MSC_8375-1024x683.jpg\" alt=\"MSC_8375\" width=\"1024\" height=\"683\" srcset=\"https:\/\/turismo.cm-santiagocacem.pt\/wp-content\/uploads\/MSC_8375-1024x683.jpg 1024w, https:\/\/turismo.cm-santiagocacem.pt\/wp-content\/uploads\/MSC_8375-300x200.jpg 300w, https:\/\/turismo.cm-santiagocacem.pt\/wp-content\/uploads\/MSC_8375-325x217.jpg 325w\" sizes=\"auto, (max-width: 1024px) 100vw, 1024px\" \/><\/p>\n<p>A \u201cBiblioteca na Praia\u201d vai continuar a disponibilizar esta oferta aos banhistas at\u00e9 dia 2 de setembro, sempre de segunda a sexta-feira, das 10h00 \u00e0s 13h30 e das 14h30 \u00e0s 18h00.<\/p>\n","protected":false},"excerpt":{"rendered":"<p>\u00c0 semelhan\u00e7a de anos anteriores, a Biblioteca Municipal Manuel Jos\u00e9 \u201cdo Tojal\u201d, em Vila Nova de Santo Andr\u00e9, est\u00e1 a dinamizar o projeto \u201cBiblioteca na Praia\u201d, que sugere leituras \u00e0 beira-mar aos milhares de banhistas que, por esta altura, frequentam a praia da Costa de Santo Andr\u00e9. Os veraneantes t\u00eam \u00e0 sua disposi\u00e7\u00e3o, desde o [&hellip;]<\/p>\n","protected":false},"author":2,"featured_media":624,"comment_status":"closed","ping_status":"closed","sticky":false,"template":"","format":"standard","meta":{"_genesis_hide_title":false,"_genesis_hide_breadcrumbs":false,"_genesis_hide_singular_image":false,"_genesis_hide_footer_widgets":false,"_genesis_custom_body_class":"","_genesis_custom_post_class":"","_genesis_layout":"","footnotes":""},"categories":[56],"tags":[],"class_list":{"0":"post-860","1":"post","2":"type-post","3":"status-publish","4":"format-standard","5":"has-post-thumbnail","7":"category-noticias-es","8":"entry"},"_links":{"self":[{"href":"https:\/\/turismo.cm-santiagocacem.pt\/es\/wp-json\/wp\/v2\/posts\/860","targetHints":{"allow":["GET"]}}],"collection":[{"href":"https:\/\/turismo.cm-santiagocacem.pt\/es\/wp-json\/wp\/v2\/posts"}],"about":[{"href":"https:\/\/turismo.cm-santiagocacem.pt\/es\/wp-json\/wp\/v2\/types\/post"}],"author":[{"embeddable":true,"href":"https:\/\/turismo.cm-santiagocacem.pt\/es\/wp-json\/wp\/v2\/users\/2"}],"replies":[{"embeddable":true,"href":"https:\/\/turismo.cm-santiagocacem.pt\/es\/wp-json\/wp\/v2\/comments?post=860"}],"version-history":[{"count":1,"href":"https:\/\/turismo.cm-santiagocacem.pt\/es\/wp-json\/wp\/v2\/posts\/860\/revisions"}],"predecessor-version":[{"id":861,"href":"https:\/\/turismo.cm-santiagocacem.pt\/es\/wp-json\/wp\/v2\/posts\/860\/revisions\/861"}],"wp:featuredmedia":[{"embeddable":true,"href":"https:\/\/turismo.cm-santiagocacem.pt\/es\/wp-json\/wp\/v2\/media\/624"}],"wp:attachment":[{"href":"https:\/\/turismo.cm-santiagocacem.pt\/es\/wp-json\/wp\/v2\/media?parent=860"}],"wp:term":[{"taxonomy":"category","embeddable":true,"href":"https:\/\/turismo.cm-santiagocacem.pt\/es\/wp-json\/wp\/v2\/categories?post=860"},{"taxonomy":"post_tag","embeddable":true,"href":"https:\/\/turismo.cm-santiagocacem.pt\/es\/wp-json\/wp\/v2\/tags?post=860"}],"curies":[{"name":"wp","href":"https:\/\/api.w.org\/{rel}","templated":true}]}}