{"id":862,"date":"2016-08-24T11:35:39","date_gmt":"2016-08-24T09:35:39","guid":{"rendered":"http:\/\/turismo.cm-santiagocacem.pt\/?p=862&#038;lang=es"},"modified":"2017-01-17T11:40:22","modified_gmt":"2017-01-17T09:40:22","slug":"costa-de-santo-andre-de-novo-escolhida-para-campanha-promocional-da-turismo-do-alentejo","status":"publish","type":"post","link":"https:\/\/turismo.cm-santiagocacem.pt\/es\/noticias-es\/costa-de-santo-andre-de-novo-escolhida-para-campanha-promocional-da-turismo-do-alentejo\/","title":{"rendered":"Costa de Santo Andr\u00e9 elegido de nuevo para la campa\u00f1a de promoci\u00f3n del turismo de Alentejo"},"content":{"rendered":"<p><span style=\"font-family: 'Arial','sans-serif';\"><span style=\"color: #000000;\">La playa de Costa de Santo Andr\u00e9 vio su nombre inscrito, como el a\u00f1o pasado, las mejores playas de la regi\u00f3n del Alentejo, al ser uno de los elegidos, el 2 de agosto para la campa\u00f1a que la autoridad regional del Turismo de Alentejo y Ribatejo (ERTAR) es llevar a cabo las principales playas de la costa del Alentejo.<\/span><\/span><\/p>\n<p><span style=\"font-family: 'Arial','sans-serif';\"><span style=\"color: #000000;\">Adem\u00e1s de promover el producto tur\u00edstico de sol y playa y dar las gracias a los turistas que han elegido el destino para las vacaciones, la campa\u00f1a de este a\u00f1o se basa en el lema \u00abApaga. Volver a las tarjetas en el Alentejo \u00aby tiene como objetivo invitar a los turistas a tomar una foto en el lugar y enviarlo a la familia y amigos. La foto se imprime inmediatamente en una postal que contiene la firma de la acci\u00f3n, y luego entregado a los nadadores, que acaban de ponerlo en un marco de CTT para que pueda ser enviado al destinatario que quieren compartir la riqueza del paisaje de las playas del Alentejo. Las im\u00e1genes tambi\u00e9n se pueden compartir en las redes sociales de Facebook, Instagram, Twitter, entre otros.<\/span><\/span><\/p>\n<p><span style=\"font-family: 'Arial','sans-serif';\"><span style=\"color: #000000;\">\u00a0<img loading=\"lazy\" decoding=\"async\" class=\"alignnone wp-image-613 size-large\" src=\"http:\/\/turismo.cm-santiagocacem.pt\/wp-content\/uploads\/COSTA_SANTO_ANDRE_CAMPANHA_TURISMO_ALENTEJO_foto_CMSC-3-1024x683.jpg\" alt=\"COSTA_SANTO_ANDRE_CAMPANHA_TURISMO_ALENTEJO_foto_CMSC (3)\" width=\"1024\" height=\"683\" srcset=\"https:\/\/turismo.cm-santiagocacem.pt\/wp-content\/uploads\/COSTA_SANTO_ANDRE_CAMPANHA_TURISMO_ALENTEJO_foto_CMSC-3-1024x683.jpg 1024w, https:\/\/turismo.cm-santiagocacem.pt\/wp-content\/uploads\/COSTA_SANTO_ANDRE_CAMPANHA_TURISMO_ALENTEJO_foto_CMSC-3-300x200.jpg 300w, https:\/\/turismo.cm-santiagocacem.pt\/wp-content\/uploads\/COSTA_SANTO_ANDRE_CAMPANHA_TURISMO_ALENTEJO_foto_CMSC-3-325x217.jpg 325w\" sizes=\"auto, (max-width: 1024px) 100vw, 1024px\" \/><\/span><\/span><\/p>\n<p><span style=\"font-family: 'Arial','sans-serif';\"><span style=\"color: #000000;\">En el curso de acci\u00f3n se estableci\u00f3 en la arena, una mancha roja con decenas de paraguas, sol con la marca Alentejo, los cuales fueron distribuidos posteriormente por los ba\u00f1istas, junto con las tapas con la misma firma.<\/span><\/span><\/p>\n<p><span style=\"font-family: 'Arial','sans-serif';\"><span style=\"color: #000000;\">El Municipio de Santiago do Cac\u00e9m estuvo representado por el vicepresidente Margarida Santos en la iniciativa, acompa\u00f1ado por t\u00e9cnicos de la autoridad local, que han contribuido activamente al \u00e9xito de la campa\u00f1a en la playa de Costa de Santo Andr\u00e9, que tambi\u00e9n estuvo presente el Presidente de ERTAR, Ant\u00f3nio Ceia da Silva.<\/span><\/span><\/p>\n\n\t\t<style type=\"text\/css\">\n\t\t\t#gallery-1 {\n\t\t\t\tmargin: auto;\n\t\t\t}\n\t\t\t#gallery-1 .gallery-item {\n\t\t\t\tfloat: left;\n\t\t\t\tmargin-top: 10px;\n\t\t\t\ttext-align: center;\n\t\t\t\twidth: 33%;\n\t\t\t}\n\t\t\t#gallery-1 img {\n\t\t\t\tborder: 2px solid #cfcfcf;\n\t\t\t}\n\t\t\t#gallery-1 .gallery-caption {\n\t\t\t\tmargin-left: 0;\n\t\t\t}\n\t\t\t\/* see gallery_shortcode() in wp-includes\/media.php *\/\n\t\t<\/style>\n\t\t<div data-carousel-extra='{\"blog_id\":1,\"permalink\":\"https:\\\/\\\/turismo.cm-santiagocacem.pt\\\/es\\\/noticias-es\\\/costa-de-santo-andre-de-novo-escolhida-para-campanha-promocional-da-turismo-do-alentejo\\\/\"}' id='gallery-1' class='gallery galleryid-862 gallery-columns-3 gallery-size-thumbnail'><dl class='gallery-item'>\n\t\t\t<dt class='gallery-icon landscape'>\n\t\t\t\t<a href='https:\/\/turismo.cm-santiagocacem.pt\/es\/costa_santo_andre_campanha_turismo_alentejo_foto_cmsc-12\/'><img loading=\"lazy\" decoding=\"async\" data-attachment-id=\"614\" data-orig-file=\"https:\/\/turismo.cm-santiagocacem.pt\/wp-content\/uploads\/COSTA_SANTO_ANDRE_CAMPANHA_TURISMO_ALENTEJO_foto_CMSC-12.jpg\" data-orig-size=\"2500,1668\" data-comments-opened=\"0\" data-image-meta=\"{&quot;aperture&quot;:&quot;11&quot;,&quot;credit&quot;:&quot;&quot;,&quot;camera&quot;:&quot;NIKON D7100&quot;,&quot;caption&quot;:&quot;&quot;,&quot;created_timestamp&quot;:&quot;1470142028&quot;,&quot;copyright&quot;:&quot;&quot;,&quot;focal_length&quot;:&quot;29&quot;,&quot;iso&quot;:&quot;200&quot;,&quot;shutter_speed&quot;:&quot;0.004&quot;,&quot;title&quot;:&quot;&quot;,&quot;orientation&quot;:&quot;1&quot;,&quot;keywords&quot;:&quot;Array&quot;}\" data-image-title=\"COSTA_SANTO_ANDRE_CAMPANHA_TURISMO_ALENTEJO_foto_CMSC (12)\" data-image-description=\"\" data-medium-file=\"https:\/\/turismo.cm-santiagocacem.pt\/wp-content\/uploads\/COSTA_SANTO_ANDRE_CAMPANHA_TURISMO_ALENTEJO_foto_CMSC-12-300x200.jpg\" data-large-file=\"https:\/\/turismo.cm-santiagocacem.pt\/wp-content\/uploads\/COSTA_SANTO_ANDRE_CAMPANHA_TURISMO_ALENTEJO_foto_CMSC-12-1024x683.jpg\" width=\"150\" height=\"150\" src=\"https:\/\/turismo.cm-santiagocacem.pt\/wp-content\/uploads\/COSTA_SANTO_ANDRE_CAMPANHA_TURISMO_ALENTEJO_foto_CMSC-12-150x150.jpg\" class=\"attachment-thumbnail size-thumbnail\" alt=\"\" \/><\/a>\n\t\t\t<\/dt><\/dl><dl class='gallery-item'>\n\t\t\t<dt class='gallery-icon landscape'>\n\t\t\t\t<a href='https:\/\/turismo.cm-santiagocacem.pt\/es\/costa_santo_andre_campanha_turismo_alentejo_foto_cmsc-48\/'><img loading=\"lazy\" decoding=\"async\" data-attachment-id=\"616\" data-orig-file=\"https:\/\/turismo.cm-santiagocacem.pt\/wp-content\/uploads\/COSTA_SANTO_ANDRE_CAMPANHA_TURISMO_ALENTEJO_foto_CMSC-48.jpg\" data-orig-size=\"2500,1668\" data-comments-opened=\"0\" data-image-meta=\"{&quot;aperture&quot;:&quot;8&quot;,&quot;credit&quot;:&quot;&quot;,&quot;camera&quot;:&quot;NIKON D7100&quot;,&quot;caption&quot;:&quot;&quot;,&quot;created_timestamp&quot;:&quot;1470143062&quot;,&quot;copyright&quot;:&quot;&quot;,&quot;focal_length&quot;:&quot;18&quot;,&quot;iso&quot;:&quot;200&quot;,&quot;shutter_speed&quot;:&quot;0.0028571428571429&quot;,&quot;title&quot;:&quot;&quot;,&quot;orientation&quot;:&quot;1&quot;,&quot;keywords&quot;:&quot;Array&quot;}\" data-image-title=\"COSTA_SANTO_ANDRE_CAMPANHA_TURISMO_ALENTEJO_foto_CMSC (48)\" data-image-description=\"\" data-medium-file=\"https:\/\/turismo.cm-santiagocacem.pt\/wp-content\/uploads\/COSTA_SANTO_ANDRE_CAMPANHA_TURISMO_ALENTEJO_foto_CMSC-48-300x200.jpg\" data-large-file=\"https:\/\/turismo.cm-santiagocacem.pt\/wp-content\/uploads\/COSTA_SANTO_ANDRE_CAMPANHA_TURISMO_ALENTEJO_foto_CMSC-48-1024x683.jpg\" width=\"150\" height=\"150\" src=\"https:\/\/turismo.cm-santiagocacem.pt\/wp-content\/uploads\/COSTA_SANTO_ANDRE_CAMPANHA_TURISMO_ALENTEJO_foto_CMSC-48-150x150.jpg\" class=\"attachment-thumbnail size-thumbnail\" alt=\"\" \/><\/a>\n\t\t\t<\/dt><\/dl><dl class='gallery-item'>\n\t\t\t<dt class='gallery-icon landscape'>\n\t\t\t\t<a href='https:\/\/turismo.cm-santiagocacem.pt\/es\/costa_santo_andre_campanha_turismo_alentejo_foto_cmsc-65\/'><img loading=\"lazy\" decoding=\"async\" data-attachment-id=\"617\" data-orig-file=\"https:\/\/turismo.cm-santiagocacem.pt\/wp-content\/uploads\/COSTA_SANTO_ANDRE_CAMPANHA_TURISMO_ALENTEJO_foto_CMSC-65.jpg\" data-orig-size=\"2500,1668\" data-comments-opened=\"0\" data-image-meta=\"{&quot;aperture&quot;:&quot;16&quot;,&quot;credit&quot;:&quot;&quot;,&quot;camera&quot;:&quot;NIKON D7100&quot;,&quot;caption&quot;:&quot;&quot;,&quot;created_timestamp&quot;:&quot;1470143992&quot;,&quot;copyright&quot;:&quot;&quot;,&quot;focal_length&quot;:&quot;44&quot;,&quot;iso&quot;:&quot;400&quot;,&quot;shutter_speed&quot;:&quot;0.004&quot;,&quot;title&quot;:&quot;&quot;,&quot;orientation&quot;:&quot;1&quot;,&quot;keywords&quot;:&quot;Array&quot;}\" data-image-title=\"COSTA_SANTO_ANDRE_CAMPANHA_TURISMO_ALENTEJO_foto_CMSC (65)\" data-image-description=\"\" data-medium-file=\"https:\/\/turismo.cm-santiagocacem.pt\/wp-content\/uploads\/COSTA_SANTO_ANDRE_CAMPANHA_TURISMO_ALENTEJO_foto_CMSC-65-300x200.jpg\" data-large-file=\"https:\/\/turismo.cm-santiagocacem.pt\/wp-content\/uploads\/COSTA_SANTO_ANDRE_CAMPANHA_TURISMO_ALENTEJO_foto_CMSC-65-1024x683.jpg\" width=\"150\" height=\"150\" src=\"https:\/\/turismo.cm-santiagocacem.pt\/wp-content\/uploads\/COSTA_SANTO_ANDRE_CAMPANHA_TURISMO_ALENTEJO_foto_CMSC-65-150x150.jpg\" class=\"attachment-thumbnail size-thumbnail\" alt=\"\" \/><\/a>\n\t\t\t<\/dt><\/dl><br style=\"clear: both\" \/><dl class='gallery-item'>\n\t\t\t<dt class='gallery-icon landscape'>\n\t\t\t\t<a href='https:\/\/turismo.cm-santiagocacem.pt\/es\/costa_santo_andre_campanha_turismo_alentejo_foto_cmsc-71\/'><img loading=\"lazy\" decoding=\"async\" data-attachment-id=\"618\" data-orig-file=\"https:\/\/turismo.cm-santiagocacem.pt\/wp-content\/uploads\/COSTA_SANTO_ANDRE_CAMPANHA_TURISMO_ALENTEJO_foto_CMSC-71.jpg\" data-orig-size=\"2500,1668\" data-comments-opened=\"0\" data-image-meta=\"{&quot;aperture&quot;:&quot;16&quot;,&quot;credit&quot;:&quot;&quot;,&quot;camera&quot;:&quot;NIKON D7100&quot;,&quot;caption&quot;:&quot;&quot;,&quot;created_timestamp&quot;:&quot;1470144182&quot;,&quot;copyright&quot;:&quot;&quot;,&quot;focal_length&quot;:&quot;18&quot;,&quot;iso&quot;:&quot;400&quot;,&quot;shutter_speed&quot;:&quot;0.004&quot;,&quot;title&quot;:&quot;&quot;,&quot;orientation&quot;:&quot;1&quot;,&quot;keywords&quot;:&quot;Array&quot;}\" data-image-title=\"COSTA_SANTO_ANDRE_CAMPANHA_TURISMO_ALENTEJO_foto_CMSC (71)\" data-image-description=\"\" data-medium-file=\"https:\/\/turismo.cm-santiagocacem.pt\/wp-content\/uploads\/COSTA_SANTO_ANDRE_CAMPANHA_TURISMO_ALENTEJO_foto_CMSC-71-300x200.jpg\" data-large-file=\"https:\/\/turismo.cm-santiagocacem.pt\/wp-content\/uploads\/COSTA_SANTO_ANDRE_CAMPANHA_TURISMO_ALENTEJO_foto_CMSC-71-1024x683.jpg\" width=\"150\" height=\"150\" src=\"https:\/\/turismo.cm-santiagocacem.pt\/wp-content\/uploads\/COSTA_SANTO_ANDRE_CAMPANHA_TURISMO_ALENTEJO_foto_CMSC-71-150x150.jpg\" class=\"attachment-thumbnail size-thumbnail\" alt=\"\" \/><\/a>\n\t\t\t<\/dt><\/dl><dl class='gallery-item'>\n\t\t\t<dt class='gallery-icon landscape'>\n\t\t\t\t<a href='https:\/\/turismo.cm-santiagocacem.pt\/es\/costa_santo_andre_campanha_turismo_alentejo_foto_cmsc-76\/'><img loading=\"lazy\" decoding=\"async\" data-attachment-id=\"620\" data-orig-file=\"https:\/\/turismo.cm-santiagocacem.pt\/wp-content\/uploads\/COSTA_SANTO_ANDRE_CAMPANHA_TURISMO_ALENTEJO_foto_CMSC-76.jpg\" data-orig-size=\"2500,1668\" data-comments-opened=\"0\" data-image-meta=\"{&quot;aperture&quot;:&quot;9.5&quot;,&quot;credit&quot;:&quot;&quot;,&quot;camera&quot;:&quot;NIKON D7100&quot;,&quot;caption&quot;:&quot;&quot;,&quot;created_timestamp&quot;:&quot;1470144526&quot;,&quot;copyright&quot;:&quot;&quot;,&quot;focal_length&quot;:&quot;44&quot;,&quot;iso&quot;:&quot;200&quot;,&quot;shutter_speed&quot;:&quot;0.004&quot;,&quot;title&quot;:&quot;&quot;,&quot;orientation&quot;:&quot;1&quot;,&quot;keywords&quot;:&quot;Array&quot;}\" data-image-title=\"COSTA_SANTO_ANDRE_CAMPANHA_TURISMO_ALENTEJO_foto_CMSC (76)\" data-image-description=\"\" data-medium-file=\"https:\/\/turismo.cm-santiagocacem.pt\/wp-content\/uploads\/COSTA_SANTO_ANDRE_CAMPANHA_TURISMO_ALENTEJO_foto_CMSC-76-300x200.jpg\" data-large-file=\"https:\/\/turismo.cm-santiagocacem.pt\/wp-content\/uploads\/COSTA_SANTO_ANDRE_CAMPANHA_TURISMO_ALENTEJO_foto_CMSC-76-1024x683.jpg\" width=\"150\" height=\"150\" src=\"https:\/\/turismo.cm-santiagocacem.pt\/wp-content\/uploads\/COSTA_SANTO_ANDRE_CAMPANHA_TURISMO_ALENTEJO_foto_CMSC-76-150x150.jpg\" class=\"attachment-thumbnail size-thumbnail\" alt=\"\" \/><\/a>\n\t\t\t<\/dt><\/dl><dl class='gallery-item'>\n\t\t\t<dt class='gallery-icon landscape'>\n\t\t\t\t<a href='https:\/\/turismo.cm-santiagocacem.pt\/es\/costa_santo_andre_campanha_turismo_alentejo_foto_cmsc-72\/'><img loading=\"lazy\" decoding=\"async\" data-attachment-id=\"619\" data-orig-file=\"https:\/\/turismo.cm-santiagocacem.pt\/wp-content\/uploads\/COSTA_SANTO_ANDRE_CAMPANHA_TURISMO_ALENTEJO_foto_CMSC-72.jpg\" data-orig-size=\"2500,1668\" data-comments-opened=\"0\" data-image-meta=\"{&quot;aperture&quot;:&quot;9.5&quot;,&quot;credit&quot;:&quot;&quot;,&quot;camera&quot;:&quot;NIKON D7100&quot;,&quot;caption&quot;:&quot;&quot;,&quot;created_timestamp&quot;:&quot;1470144235&quot;,&quot;copyright&quot;:&quot;&quot;,&quot;focal_length&quot;:&quot;52&quot;,&quot;iso&quot;:&quot;400&quot;,&quot;shutter_speed&quot;:&quot;0.008&quot;,&quot;title&quot;:&quot;&quot;,&quot;orientation&quot;:&quot;1&quot;,&quot;keywords&quot;:&quot;Array&quot;}\" data-image-title=\"COSTA_SANTO_ANDRE_CAMPANHA_TURISMO_ALENTEJO_foto_CMSC (72)\" data-image-description=\"\" data-medium-file=\"https:\/\/turismo.cm-santiagocacem.pt\/wp-content\/uploads\/COSTA_SANTO_ANDRE_CAMPANHA_TURISMO_ALENTEJO_foto_CMSC-72-300x200.jpg\" data-large-file=\"https:\/\/turismo.cm-santiagocacem.pt\/wp-content\/uploads\/COSTA_SANTO_ANDRE_CAMPANHA_TURISMO_ALENTEJO_foto_CMSC-72-1024x683.jpg\" width=\"150\" height=\"150\" src=\"https:\/\/turismo.cm-santiagocacem.pt\/wp-content\/uploads\/COSTA_SANTO_ANDRE_CAMPANHA_TURISMO_ALENTEJO_foto_CMSC-72-150x150.jpg\" class=\"attachment-thumbnail size-thumbnail\" alt=\"\" \/><\/a>\n\t\t\t<\/dt><\/dl><br style=\"clear: both\" \/>\n\t\t<\/div>\n\n","protected":false},"excerpt":{"rendered":"<p>La playa de Costa de Santo Andr\u00e9 vio su nombre inscrito, como el a\u00f1o pasado, las mejores playas de la regi\u00f3n del Alentejo, al ser uno de los elegidos, el 2 de agosto para la campa\u00f1a que la autoridad regional del Turismo de Alentejo y Ribatejo (ERTAR) es llevar a cabo las principales playas de [&hellip;]<\/p>\n","protected":false},"author":2,"featured_media":615,"comment_status":"closed","ping_status":"closed","sticky":false,"template":"","format":"standard","meta":{"_genesis_hide_title":false,"_genesis_hide_breadcrumbs":false,"_genesis_hide_singular_image":false,"_genesis_hide_footer_widgets":false,"_genesis_custom_body_class":"","_genesis_custom_post_class":"","_genesis_layout":"","footnotes":""},"categories":[56],"tags":[],"class_list":{"0":"post-862","1":"post","2":"type-post","3":"status-publish","4":"format-standard","5":"has-post-thumbnail","7":"category-noticias-es","8":"entry"},"_links":{"self":[{"href":"https:\/\/turismo.cm-santiagocacem.pt\/es\/wp-json\/wp\/v2\/posts\/862","targetHints":{"allow":["GET"]}}],"collection":[{"href":"https:\/\/turismo.cm-santiagocacem.pt\/es\/wp-json\/wp\/v2\/posts"}],"about":[{"href":"https:\/\/turismo.cm-santiagocacem.pt\/es\/wp-json\/wp\/v2\/types\/post"}],"author":[{"embeddable":true,"href":"https:\/\/turismo.cm-santiagocacem.pt\/es\/wp-json\/wp\/v2\/users\/2"}],"replies":[{"embeddable":true,"href":"https:\/\/turismo.cm-santiagocacem.pt\/es\/wp-json\/wp\/v2\/comments?post=862"}],"version-history":[{"count":3,"href":"https:\/\/turismo.cm-santiagocacem.pt\/es\/wp-json\/wp\/v2\/posts\/862\/revisions"}],"predecessor-version":[{"id":1053,"href":"https:\/\/turismo.cm-santiagocacem.pt\/es\/wp-json\/wp\/v2\/posts\/862\/revisions\/1053"}],"wp:featuredmedia":[{"embeddable":true,"href":"https:\/\/turismo.cm-santiagocacem.pt\/es\/wp-json\/wp\/v2\/media\/615"}],"wp:attachment":[{"href":"https:\/\/turismo.cm-santiagocacem.pt\/es\/wp-json\/wp\/v2\/media?parent=862"}],"wp:term":[{"taxonomy":"category","embeddable":true,"href":"https:\/\/turismo.cm-santiagocacem.pt\/es\/wp-json\/wp\/v2\/categories?post=862"},{"taxonomy":"post_tag","embeddable":true,"href":"https:\/\/turismo.cm-santiagocacem.pt\/es\/wp-json\/wp\/v2\/tags?post=862"}],"curies":[{"name":"wp","href":"https:\/\/api.w.org\/{rel}","templated":true}]}}