{"id":863,"date":"2016-08-24T11:35:45","date_gmt":"2016-08-24T09:35:45","guid":{"rendered":"http:\/\/turismo.cm-santiagocacem.pt\/?p=863&#038;lang=es"},"modified":"2017-01-17T11:34:42","modified_gmt":"2017-01-17T09:34:42","slug":"santiagro-supera-expectativas-e-foi-a-melhor-feira-de-sempre","status":"publish","type":"post","link":"https:\/\/turismo.cm-santiagocacem.pt\/es\/noticias-es\/santiagro-supera-expectativas-e-foi-a-melhor-feira-de-sempre\/","title":{"rendered":"SANTIAGRO supera las expectativas y fue el mejor programa"},"content":{"rendered":"<p><span title=\"Mais de 40 mil pessoas visitaram, entre 26 e 29 de maio, a SANTIAGRO.\">M\u00e1s de 40 mil personas visitaron entre el 26 y el 29 de mayo de SANTIAGRO. <\/span><span title=\"A Feira Agropecu\u00e1ria e do Cavalo, j\u00e1 na sua 29.\u00aa edi\u00e7\u00e3o, superou as melhores expectativas e bateu todos os recordes dos anos anteriores.\">La Feria Agr\u00edcola y el Caballo, ahora en su 29\u00aa edici\u00f3n, super\u00f3 las mejores expectativas y rompieron todos los registros de a\u00f1os anteriores. <\/span><span title=\"Este facto, aliado \u00e0 qualidade em geral da Feira, ao volume de neg\u00f3cios ao longo dos quatro dias e \u00e0 satisfa\u00e7\u00e3o dos expositores e visitantes, colocam a SANTIAGRO 2016 como a melhor de sempre. \">Esto, combinado con la calidad general de la Feria, el volumen de negocios durante los cuatro d\u00edas y la satisfacci\u00f3n de los expositores y visitantes, puso SANTIAGRO 2016 como el mejor de todos.<br \/>\n<\/span><\/p>\n<p><img loading=\"lazy\" decoding=\"async\" class=\"alignnone wp-image-593 size-large\" src=\"http:\/\/turismo.cm-santiagocacem.pt\/wp-content\/uploads\/SANTIAGRO_2016_27_maio_foto_CMSC-465-1024x684.jpg\" alt=\"SANTIAGRO_2016_27_maio_foto_CMSC (465)\" width=\"1024\" height=\"684\" srcset=\"https:\/\/turismo.cm-santiagocacem.pt\/wp-content\/uploads\/SANTIAGRO_2016_27_maio_foto_CMSC-465-1024x684.jpg 1024w, https:\/\/turismo.cm-santiagocacem.pt\/wp-content\/uploads\/SANTIAGRO_2016_27_maio_foto_CMSC-465-300x200.jpg 300w, https:\/\/turismo.cm-santiagocacem.pt\/wp-content\/uploads\/SANTIAGRO_2016_27_maio_foto_CMSC-465-325x217.jpg 325w\" sizes=\"auto, (max-width: 1024px) 100vw, 1024px\" \/><\/p>\n<p><span title=\"\u201cFoi, seguramente, a SANTIAGRO com maior n\u00famero de visitantes.\">\u00abSin duda fue el SANTIAGRO con el mayor n\u00famero de visitantes. <\/span><span title=\"Sexta-feira foi o melhor dia de sempre, em 29 anos de Feira.\">El viernes fue el mejor d\u00eda de mi vida, en 29 a\u00f1os de Feria. <\/span><span title=\"E s\u00e1bado foi o segundo melhor dia, com uma pequena diferen\u00e7a para sexta.\">Y el s\u00e1bado fue el segundo mejor d\u00eda, con una peque\u00f1a diferencia a viernes. <\/span><span title=\"E mesmo o domingo foi um dos melhores dias de sempre.\">Incluso domingo fue uno de los mejores d\u00edas. <\/span><span title=\"Comparativamente a 2015, que j\u00e1 tinha sido a melhor Feira dos \u00faltimos anos, estamos a falar de perto de 20 mil pessoas a mais.\">En comparaci\u00f3n con 2015, que hab\u00eda sido la mejor feria en los \u00faltimos a\u00f1os, estamos hablando de cerca de 20.000 personas m\u00e1s. <\/span><span title=\"\u00c9 \u00f3bvio que tivemos mais um dia de Feira, mas mesmo que retir\u00e1ssemos a quinta- -feira estamos a falar de mais 12 a 13 mil pessoas, o que \u00e9 extraordin\u00e1rio\u201d, congratula-se \u00c1lvaro Beijinha, que avan\u00e7a com um n\u00famero total de visitantes\">Obviamente tuvimos otro d\u00eda de feria, pero incluso que eliminemos la -feira quinta- estamos hablando de otros 12 a 13 mil personas, lo que es extraordinario \u00ab, da la bienvenida a Alvaro Beijinha, avanzando un n\u00famero total de visitantes <\/span><span title=\"\u201csuperior a 40 mil pessoas.\">\u00abm\u00e1s de 40 mil personas. <\/span><span title=\"Era a perspetiva que t\u00ednhamos lan\u00e7ado antes da Feira, de forma muito otimista.\">Fue el punto de vista de que hemos lanzado antes de la feria, con mucho optimismo. <\/span><span title=\"\u00c9 um n\u00famero muito significativo\u201d, sublinha o Presidente da CMSC, ainda para mais atendendo ao facto de \u201co acr\u00e9scimo no or\u00e7amento da Feira para este ano ter sido \u201cmuito pouco expressivo\u201d.\">Es un n\u00famero muy significativo \u00ab, dijo el presidente de la CMSC, m\u00e1xime teniendo en cuenta el hecho de que\u00bb el aumento en el presupuesto de la Feria de este a\u00f1o han sido \u00abmuy poco expresiva.\u00bb <\/span><span title=\"\u00c1lvaro Beijinha atribui grande parte do sucesso da Feira aos funcion\u00e1rios da autarquia, nas mais diversas \u00e1reas.\">Alvaro Beijinha atribuye gran parte del \u00e9xito de la feria a los empleados municipales, en diversas \u00e1reas. <\/span><span title=\"\u201cS\u00f3 foi poss\u00edvel porque os trabalhadores da C\u00e2mara fizeram com que este evento atingisse e superasse os objetivos a que nos t\u00ednhamos proposto\u201d. \">\u00abS\u00f3lo fue posible gracias a la C\u00e1mara de los trabajadores hizo que este evento alcanzar y superar los objetivos que nos propusimos\u00bb.<\/span><strong><span title=\"\u201cS\u00f3 foi poss\u00edvel porque os trabalhadores da C\u00e2mara fizeram com que este evento atingisse e superasse os objetivos a que nos t\u00ednhamos proposto\u201d. \"><br \/>\n<\/span><\/strong><\/p>\n<p><img loading=\"lazy\" decoding=\"async\" class=\"alignnone wp-image-598 size-large\" src=\"http:\/\/turismo.cm-santiagocacem.pt\/wp-content\/uploads\/SANTIAGRO_2016_29_MAIO_foto_CMSC-72-1024x683.jpg\" alt=\"SANTIAGRO_2016_29_MAIO_foto_CMSC (72)\" width=\"1024\" height=\"683\" srcset=\"https:\/\/turismo.cm-santiagocacem.pt\/wp-content\/uploads\/SANTIAGRO_2016_29_MAIO_foto_CMSC-72-1024x683.jpg 1024w, https:\/\/turismo.cm-santiagocacem.pt\/wp-content\/uploads\/SANTIAGRO_2016_29_MAIO_foto_CMSC-72-300x200.jpg 300w, https:\/\/turismo.cm-santiagocacem.pt\/wp-content\/uploads\/SANTIAGRO_2016_29_MAIO_foto_CMSC-72-325x217.jpg 325w\" sizes=\"auto, (max-width: 1024px) 100vw, 1024px\" \/><\/p>\n<p><span title=\"A SANTIAGRO 2016 contou com um total de 205 expositores \u2212 sessenta na zona coberta e os restantes no terrado da feira \u2212 e ainda com 31 espa\u00e7os de restaura\u00e7\u00e3o e bebidas.\">El SANTIAGRO 2016 ten\u00eda un total de 205 expositores &#8211; sesenta en el \u00e1rea cubierta y el resto en Terrado la feria &#8211; y con 31 espacios de alimentaci\u00f3n y bebidas. <\/span><span title=\"\u201cA esmagadora maioria dos expositores est\u00e1 satisfeita e quer voltar no pr\u00f3ximo ano.\">\u00abLa inmensa mayor\u00eda de los expositores est\u00e1n satisfechos y quieren volver al a\u00f1o. <\/span><span title=\"Da parte da restaura\u00e7\u00e3o e dos bares, houve mesmo unanimidade.\">Parte de restaurantes y bares, incluso hubo unanimidad. <\/span><span title=\"Foi muito proveitoso em termos de neg\u00f3cio e isso para n\u00f3s \u00e9 importante.\">Fue muy \u00fatil en t\u00e9rminos de negocio y esto es importante para nosotros. <\/span><span title=\"Gostamos de uma Feira com muita gente, mas queremos que os expositores tenham tamb\u00e9m uma boa feira em termos de neg\u00f3cio\u201d. \">Como una feria con mucha gente, pero queremos que los expositores tambi\u00e9n tienen un buen espect\u00e1culo en t\u00e9rminos de negocio \u00ab.<\/span><\/p>\n<p><img loading=\"lazy\" decoding=\"async\" class=\"alignnone wp-image-597 size-large\" src=\"http:\/\/turismo.cm-santiagocacem.pt\/wp-content\/uploads\/SANTIAGRO_2016_29_MAIO_foto_CMSC-2-1024x683.jpg\" alt=\"SANTIAGRO_2016_29_MAIO_foto_CMSC (2)\" width=\"1024\" height=\"683\" srcset=\"https:\/\/turismo.cm-santiagocacem.pt\/wp-content\/uploads\/SANTIAGRO_2016_29_MAIO_foto_CMSC-2-1024x683.jpg 1024w, https:\/\/turismo.cm-santiagocacem.pt\/wp-content\/uploads\/SANTIAGRO_2016_29_MAIO_foto_CMSC-2-300x200.jpg 300w, https:\/\/turismo.cm-santiagocacem.pt\/wp-content\/uploads\/SANTIAGRO_2016_29_MAIO_foto_CMSC-2-325x217.jpg 325w\" sizes=\"auto, (max-width: 1024px) 100vw, 1024px\" \/><\/p>\n<p><span title=\"A 29.\u00aa Feira Agropecu\u00e1ria e do Cavalo tamb\u00e9m teve repercuss\u00f5es significativas fora do recinto.\">La Feria Agr\u00edcola 29 y caballo tambi\u00e9n tuvieron repercusiones significativas fuera del recinto. <\/span><span title=\"\u00c1lvaro Beijinha falou \u201ccom empres\u00e1rios da restaura\u00e7\u00e3o fora da feira e tamb\u00e9m eles disseram que estiveram cheios.\">Alvaro Beijinha habl\u00f3 \u00abcon los empresarios que atienden a cabo de la feria y tambi\u00e9n se dijo que estaban completos. <\/span><span title=\"Sei que os hot\u00e9is tamb\u00e9m estiveram cheios.\">Yo s\u00e9 que los hoteles tambi\u00e9n estaban llenos. <\/span><span title=\"O contributo para a economia local foi seguramente muito superior ao investimento que a C\u00e2mara fez na Feira\u201d. \">La contribuci\u00f3n a la econom\u00eda local era sin duda mucho mayor que la inversi\u00f3n que la Junta hizo en la Feria \u00ab.<\/span><strong><span title=\"O contributo para a economia local foi seguramente muito superior ao investimento que a C\u00e2mara fez na Feira\u201d. \"><br \/>\n<\/span><\/strong><\/p>\n<p><img loading=\"lazy\" decoding=\"async\" class=\"alignnone wp-image-596 size-large\" src=\"http:\/\/turismo.cm-santiagocacem.pt\/wp-content\/uploads\/SANTIAGRO_2016_28_maio_foto_CMSC-167-1024x684.jpg\" alt=\"SANTIAGRO_2016_28_maio_foto_CMSC (167)\" width=\"1024\" height=\"684\" srcset=\"https:\/\/turismo.cm-santiagocacem.pt\/wp-content\/uploads\/SANTIAGRO_2016_28_maio_foto_CMSC-167-1024x684.jpg 1024w, https:\/\/turismo.cm-santiagocacem.pt\/wp-content\/uploads\/SANTIAGRO_2016_28_maio_foto_CMSC-167-300x200.jpg 300w, https:\/\/turismo.cm-santiagocacem.pt\/wp-content\/uploads\/SANTIAGRO_2016_28_maio_foto_CMSC-167-325x217.jpg 325w\" sizes=\"auto, (max-width: 1024px) 100vw, 1024px\" \/><\/p>\n<p><span title=\"\u201cQuem passou na Feira \u2013 julgo que isso \u00e9 indiscut\u00edvel \u2013 percebeu que est\u00e1 consolidada, bem arrumada.\">\u00abQui\u00e9n pas\u00f3 la Feria &#8211; Creo que es indiscutible &#8211; di cuenta de que se consolida, bien cuidado. <\/span><span title=\"H\u00e1 alguns aspetos que temos de melhorar todos os anos.\">Hay algunos aspectos que tenemos que mejorar cada a\u00f1o. <\/span><span title=\"Temos de nos ir adaptando ao crescimento da Feira.\">Tenemos que ir adaptando al crecimiento de la Feria. <\/span><span title=\"A esmagadora maioria das pessoas fez uma cr\u00edtica positiva.\">La inmensa mayor\u00eda de la gente hizo una revisi\u00f3n positiva. <\/span><span title=\"\u00c9 um certame que se assume, cada vez mais, n\u00e3o apenas no nosso munic\u00edpio, mas em toda a regi\u00e3o\u201d, destaca o Presidente da CMSC. \">Es un evento que tiene cada vez m\u00e1s, no s\u00f3lo en nuestro pa\u00eds sino en toda la regi\u00f3n \u00ab, el Presidente de la CMSC.<\/span><\/p>\n<p><img loading=\"lazy\" decoding=\"async\" class=\"alignnone wp-image-591 size-large\" src=\"http:\/\/turismo.cm-santiagocacem.pt\/wp-content\/uploads\/SANTIAGRO_2016_27_maio_foto_CMSC-2-1024x684.jpg\" alt=\"SANTIAGRO_2016_27_maio_foto_CMSC (2)\" width=\"1024\" height=\"684\" srcset=\"https:\/\/turismo.cm-santiagocacem.pt\/wp-content\/uploads\/SANTIAGRO_2016_27_maio_foto_CMSC-2-1024x684.jpg 1024w, https:\/\/turismo.cm-santiagocacem.pt\/wp-content\/uploads\/SANTIAGRO_2016_27_maio_foto_CMSC-2-300x200.jpg 300w, https:\/\/turismo.cm-santiagocacem.pt\/wp-content\/uploads\/SANTIAGRO_2016_27_maio_foto_CMSC-2-325x217.jpg 325w\" sizes=\"auto, (max-width: 1024px) 100vw, 1024px\" \/><\/p>\n<p><span title=\"Passeios equestres, ordenha de animais, showcookings, demonstra\u00e7\u00e3o de horseball (uma novidade da edi\u00e7\u00e3o deste ano), col\u00f3quios, demonstra\u00e7\u00f5es da arte de cocaria, degusta\u00e7\u00f5es e desfile de corais foram algumas das ofertas que o programa ofereceu ao longo de quatro dias intensos e preenchidos\">Montar a caballo, orde\u00f1ar animales, showcookings, Horseball demostraci\u00f3n (una novedad de este a\u00f1o), coloquios, manifestaciones de arte cocaria, degustaciones y desfile de coral fueron algunas de las ofertas que el programa ofrecido durante cuatro d\u00edas intensos y llenos <\/span><span title=\", que tiveram os seus pontos altos com os concertos de C4Pedro, AGIR, Ant\u00f3nio Zambujo e DAMA, que registaram, todos eles, enchentes.\">que tuvo sus puntos altos con conciertos C4Pedro, actuaci\u00f3n, Antonio Zambujo y DAMA, que registraron, todos ellos, las inundaciones. <\/span><span title=\"Antes dos espet\u00e1culos, os ritmos foram marcados, na zona do terrado, pelos Batebatukas, um projeto musical de integra\u00e7\u00e3o social desenvolvido entre a C\u00e2mara Municipal e a Escola Secund\u00e1ria Manuel da Fonseca, que surpreendeu os visitantes.\">Antes del espect\u00e1culo, los ritmos fueron marcados en el \u00e1rea del mont\u00edculo por Batebatukas, un proyecto musical de la integraci\u00f3n social desarrollado entre el Ayuntamiento y la Escuela Secundaria Manuel da Fonseca, que sorprendi\u00f3 a los visitantes. <\/span><span title=\"A 29.\u00aa SANTIAGRO fica ainda marcada pelo assinalar do Centen\u00e1rio do Cr\u00e9dito Agr\u00edcola da Costa Azul, com especial enfoque no s\u00e1bado, dia em que se desenrolaram v\u00e1rias atividades alusivas aos 100 anos da institui\u00e7\u00e3o.\">El SANTIAGRO 29 todav\u00eda est\u00e1 marcado por el punto del Centenario Credito Agr\u00edcola de la Costa Azul\u00a0, con un enfoque especial en el s\u00e1bado, el d\u00eda se llev\u00f3 a cabo varias actividades alusivas a los 100 a\u00f1os de la instituci\u00f3n.<\/span><\/p>\n\n\t\t<style type=\"text\/css\">\n\t\t\t#gallery-1 {\n\t\t\t\tmargin: auto;\n\t\t\t}\n\t\t\t#gallery-1 .gallery-item {\n\t\t\t\tfloat: left;\n\t\t\t\tmargin-top: 10px;\n\t\t\t\ttext-align: center;\n\t\t\t\twidth: 33%;\n\t\t\t}\n\t\t\t#gallery-1 img {\n\t\t\t\tborder: 2px solid #cfcfcf;\n\t\t\t}\n\t\t\t#gallery-1 .gallery-caption {\n\t\t\t\tmargin-left: 0;\n\t\t\t}\n\t\t\t\/* see gallery_shortcode() in wp-includes\/media.php *\/\n\t\t<\/style>\n\t\t<div data-carousel-extra='{\"blog_id\":1,\"permalink\":\"https:\\\/\\\/turismo.cm-santiagocacem.pt\\\/es\\\/noticias-es\\\/santiagro-supera-expectativas-e-foi-a-melhor-feira-de-sempre\\\/\"}' id='gallery-1' class='gallery galleryid-863 gallery-columns-3 gallery-size-thumbnail'><dl class='gallery-item'>\n\t\t\t<dt class='gallery-icon landscape'>\n\t\t\t\t<a href='https:\/\/turismo.cm-santiagocacem.pt\/es\/santiagro_2016_28_maio_foto_cmsc-140\/'><img loading=\"lazy\" decoding=\"async\" data-attachment-id=\"595\" data-orig-file=\"https:\/\/turismo.cm-santiagocacem.pt\/wp-content\/uploads\/SANTIAGRO_2016_28_maio_foto_CMSC-140.jpg\" data-orig-size=\"2500,1669\" data-comments-opened=\"0\" data-image-meta=\"{&quot;aperture&quot;:&quot;16&quot;,&quot;credit&quot;:&quot;&quot;,&quot;camera&quot;:&quot;NIKON D7100&quot;,&quot;caption&quot;:&quot;&quot;,&quot;created_timestamp&quot;:&quot;1464463169&quot;,&quot;copyright&quot;:&quot;Paulo Cheque Chaves&quot;,&quot;focal_length&quot;:&quot;102&quot;,&quot;iso&quot;:&quot;1100&quot;,&quot;shutter_speed&quot;:&quot;0.001&quot;,&quot;title&quot;:&quot;&quot;,&quot;orientation&quot;:&quot;1&quot;,&quot;keywords&quot;:&quot;Array&quot;}\" data-image-title=\"SANTIAGRO_2016_28_maio_foto_CMSC (140)\" data-image-description=\"\" data-medium-file=\"https:\/\/turismo.cm-santiagocacem.pt\/wp-content\/uploads\/SANTIAGRO_2016_28_maio_foto_CMSC-140-300x200.jpg\" data-large-file=\"https:\/\/turismo.cm-santiagocacem.pt\/wp-content\/uploads\/SANTIAGRO_2016_28_maio_foto_CMSC-140-1024x684.jpg\" width=\"150\" height=\"150\" src=\"https:\/\/turismo.cm-santiagocacem.pt\/wp-content\/uploads\/SANTIAGRO_2016_28_maio_foto_CMSC-140-150x150.jpg\" class=\"attachment-thumbnail size-thumbnail\" alt=\"\" \/><\/a>\n\t\t\t<\/dt><\/dl><dl class='gallery-item'>\n\t\t\t<dt class='gallery-icon landscape'>\n\t\t\t\t<a href='https:\/\/turismo.cm-santiagocacem.pt\/es\/santiagro_2016_28_maio_foto_cmsc-2\/'><img loading=\"lazy\" decoding=\"async\" data-attachment-id=\"594\" data-orig-file=\"https:\/\/turismo.cm-santiagocacem.pt\/wp-content\/uploads\/SANTIAGRO_2016_28_maio_foto_CMSC-2.jpg\" data-orig-size=\"2500,1669\" data-comments-opened=\"0\" data-image-meta=\"{&quot;aperture&quot;:&quot;4.8&quot;,&quot;credit&quot;:&quot;&quot;,&quot;camera&quot;:&quot;NIKON D7100&quot;,&quot;caption&quot;:&quot;&quot;,&quot;created_timestamp&quot;:&quot;1464473951&quot;,&quot;copyright&quot;:&quot;Paulo Cheque Chaves&quot;,&quot;focal_length&quot;:&quot;22&quot;,&quot;iso&quot;:&quot;4500&quot;,&quot;shutter_speed&quot;:&quot;0.011111111111111&quot;,&quot;title&quot;:&quot;&quot;,&quot;orientation&quot;:&quot;1&quot;,&quot;keywords&quot;:&quot;Array&quot;}\" data-image-title=\"SANTIAGRO_2016_28_maio_foto_CMSC (2)\" data-image-description=\"\" data-medium-file=\"https:\/\/turismo.cm-santiagocacem.pt\/wp-content\/uploads\/SANTIAGRO_2016_28_maio_foto_CMSC-2-300x200.jpg\" data-large-file=\"https:\/\/turismo.cm-santiagocacem.pt\/wp-content\/uploads\/SANTIAGRO_2016_28_maio_foto_CMSC-2-1024x684.jpg\" width=\"150\" height=\"150\" src=\"https:\/\/turismo.cm-santiagocacem.pt\/wp-content\/uploads\/SANTIAGRO_2016_28_maio_foto_CMSC-2-150x150.jpg\" class=\"attachment-thumbnail size-thumbnail\" alt=\"\" \/><\/a>\n\t\t\t<\/dt><\/dl><dl class='gallery-item'>\n\t\t\t<dt class='gallery-icon landscape'>\n\t\t\t\t<a href='https:\/\/turismo.cm-santiagocacem.pt\/es\/santiagro_2016_27_maio_foto_cmsc-312\/'><img loading=\"lazy\" decoding=\"async\" data-attachment-id=\"592\" data-orig-file=\"https:\/\/turismo.cm-santiagocacem.pt\/wp-content\/uploads\/SANTIAGRO_2016_27_maio_foto_CMSC-312.jpg\" data-orig-size=\"2500,1669\" data-comments-opened=\"0\" data-image-meta=\"{&quot;aperture&quot;:&quot;9.5&quot;,&quot;credit&quot;:&quot;&quot;,&quot;camera&quot;:&quot;NIKON D7100&quot;,&quot;caption&quot;:&quot;&quot;,&quot;created_timestamp&quot;:&quot;1464375899&quot;,&quot;copyright&quot;:&quot;Paulo Cheque Chaves&quot;,&quot;focal_length&quot;:&quot;18&quot;,&quot;iso&quot;:&quot;1600&quot;,&quot;shutter_speed&quot;:&quot;0.008&quot;,&quot;title&quot;:&quot;&quot;,&quot;orientation&quot;:&quot;1&quot;,&quot;keywords&quot;:&quot;Array&quot;}\" data-image-title=\"SANTIAGRO_2016_27_maio_foto_CMSC (312)\" data-image-description=\"\" data-medium-file=\"https:\/\/turismo.cm-santiagocacem.pt\/wp-content\/uploads\/SANTIAGRO_2016_27_maio_foto_CMSC-312-300x200.jpg\" data-large-file=\"https:\/\/turismo.cm-santiagocacem.pt\/wp-content\/uploads\/SANTIAGRO_2016_27_maio_foto_CMSC-312-1024x684.jpg\" width=\"150\" height=\"150\" src=\"https:\/\/turismo.cm-santiagocacem.pt\/wp-content\/uploads\/SANTIAGRO_2016_27_maio_foto_CMSC-312-150x150.jpg\" class=\"attachment-thumbnail size-thumbnail\" alt=\"\" \/><\/a>\n\t\t\t<\/dt><\/dl><br style=\"clear: both\" \/><dl class='gallery-item'>\n\t\t\t<dt class='gallery-icon landscape'>\n\t\t\t\t<a href='https:\/\/turismo.cm-santiagocacem.pt\/es\/santiagro_2016_26_maio_foto_cmsc-347\/'><img loading=\"lazy\" decoding=\"async\" data-attachment-id=\"590\" data-orig-file=\"https:\/\/turismo.cm-santiagocacem.pt\/wp-content\/uploads\/SANTIAGRO_2016_26_Maio_foto_CMSC-347.jpg\" data-orig-size=\"2500,1669\" data-comments-opened=\"0\" data-image-meta=\"{&quot;aperture&quot;:&quot;8&quot;,&quot;credit&quot;:&quot;&quot;,&quot;camera&quot;:&quot;NIKON D7100&quot;,&quot;caption&quot;:&quot;&quot;,&quot;created_timestamp&quot;:&quot;1464301181&quot;,&quot;copyright&quot;:&quot;Paulo Cheque Chaves&quot;,&quot;focal_length&quot;:&quot;18&quot;,&quot;iso&quot;:&quot;1100&quot;,&quot;shutter_speed&quot;:&quot;0.016666666666667&quot;,&quot;title&quot;:&quot;&quot;,&quot;orientation&quot;:&quot;1&quot;,&quot;keywords&quot;:&quot;Array&quot;}\" data-image-title=\"SANTIAGRO_2016_26_Maio_foto_CMSC (347)\" data-image-description=\"\" data-medium-file=\"https:\/\/turismo.cm-santiagocacem.pt\/wp-content\/uploads\/SANTIAGRO_2016_26_Maio_foto_CMSC-347-300x200.jpg\" data-large-file=\"https:\/\/turismo.cm-santiagocacem.pt\/wp-content\/uploads\/SANTIAGRO_2016_26_Maio_foto_CMSC-347-1024x684.jpg\" width=\"150\" height=\"150\" src=\"https:\/\/turismo.cm-santiagocacem.pt\/wp-content\/uploads\/SANTIAGRO_2016_26_Maio_foto_CMSC-347-150x150.jpg\" class=\"attachment-thumbnail size-thumbnail\" alt=\"\" \/><\/a>\n\t\t\t<\/dt><\/dl><dl class='gallery-item'>\n\t\t\t<dt class='gallery-icon landscape'>\n\t\t\t\t<a href='https:\/\/turismo.cm-santiagocacem.pt\/es\/santiagro_2016_26_maio_foto_cmsc-1\/'><img loading=\"lazy\" decoding=\"async\" data-attachment-id=\"588\" data-orig-file=\"https:\/\/turismo.cm-santiagocacem.pt\/wp-content\/uploads\/SANTIAGRO_2016_26_Maio_foto_CMSC-1.jpg\" data-orig-size=\"2500,1669\" data-comments-opened=\"0\" data-image-meta=\"{&quot;aperture&quot;:&quot;4.8&quot;,&quot;credit&quot;:&quot;&quot;,&quot;camera&quot;:&quot;NIKON D7100&quot;,&quot;caption&quot;:&quot;&quot;,&quot;created_timestamp&quot;:&quot;1464304636&quot;,&quot;copyright&quot;:&quot;Paulo Cheque Chaves&quot;,&quot;focal_length&quot;:&quot;29&quot;,&quot;iso&quot;:&quot;3200&quot;,&quot;shutter_speed&quot;:&quot;0.016666666666667&quot;,&quot;title&quot;:&quot;&quot;,&quot;orientation&quot;:&quot;1&quot;,&quot;keywords&quot;:&quot;Array&quot;}\" data-image-title=\"SANTIAGRO_2016_26_Maio_foto_CMSC (1)\" data-image-description=\"\" data-medium-file=\"https:\/\/turismo.cm-santiagocacem.pt\/wp-content\/uploads\/SANTIAGRO_2016_26_Maio_foto_CMSC-1-300x200.jpg\" data-large-file=\"https:\/\/turismo.cm-santiagocacem.pt\/wp-content\/uploads\/SANTIAGRO_2016_26_Maio_foto_CMSC-1-1024x684.jpg\" width=\"150\" height=\"150\" src=\"https:\/\/turismo.cm-santiagocacem.pt\/wp-content\/uploads\/SANTIAGRO_2016_26_Maio_foto_CMSC-1-150x150.jpg\" class=\"attachment-thumbnail size-thumbnail\" alt=\"\" \/><\/a>\n\t\t\t<\/dt><\/dl>\n\t\t\t<br style='clear: both' \/>\n\t\t<\/div>\n\n","protected":false},"excerpt":{"rendered":"<p>M\u00e1s de 40 mil personas visitaron entre el 26 y el 29 de mayo de SANTIAGRO. La Feria Agr\u00edcola y el Caballo, ahora en su 29\u00aa edici\u00f3n, super\u00f3 las mejores expectativas y rompieron todos los registros de a\u00f1os anteriores. Esto, combinado con la calidad general de la Feria, el volumen de negocios durante los cuatro [&hellip;]<\/p>\n","protected":false},"author":2,"featured_media":589,"comment_status":"closed","ping_status":"closed","sticky":false,"template":"","format":"standard","meta":{"_genesis_hide_title":false,"_genesis_hide_breadcrumbs":false,"_genesis_hide_singular_image":false,"_genesis_hide_footer_widgets":false,"_genesis_custom_body_class":"","_genesis_custom_post_class":"","_genesis_layout":"","footnotes":""},"categories":[56],"tags":[],"class_list":{"0":"post-863","1":"post","2":"type-post","3":"status-publish","4":"format-standard","5":"has-post-thumbnail","7":"category-noticias-es","8":"entry"},"_links":{"self":[{"href":"https:\/\/turismo.cm-santiagocacem.pt\/es\/wp-json\/wp\/v2\/posts\/863","targetHints":{"allow":["GET"]}}],"collection":[{"href":"https:\/\/turismo.cm-santiagocacem.pt\/es\/wp-json\/wp\/v2\/posts"}],"about":[{"href":"https:\/\/turismo.cm-santiagocacem.pt\/es\/wp-json\/wp\/v2\/types\/post"}],"author":[{"embeddable":true,"href":"https:\/\/turismo.cm-santiagocacem.pt\/es\/wp-json\/wp\/v2\/users\/2"}],"replies":[{"embeddable":true,"href":"https:\/\/turismo.cm-santiagocacem.pt\/es\/wp-json\/wp\/v2\/comments?post=863"}],"version-history":[{"count":5,"href":"https:\/\/turismo.cm-santiagocacem.pt\/es\/wp-json\/wp\/v2\/posts\/863\/revisions"}],"predecessor-version":[{"id":1051,"href":"https:\/\/turismo.cm-santiagocacem.pt\/es\/wp-json\/wp\/v2\/posts\/863\/revisions\/1051"}],"wp:featuredmedia":[{"embeddable":true,"href":"https:\/\/turismo.cm-santiagocacem.pt\/es\/wp-json\/wp\/v2\/media\/589"}],"wp:attachment":[{"href":"https:\/\/turismo.cm-santiagocacem.pt\/es\/wp-json\/wp\/v2\/media?parent=863"}],"wp:term":[{"taxonomy":"category","embeddable":true,"href":"https:\/\/turismo.cm-santiagocacem.pt\/es\/wp-json\/wp\/v2\/categories?post=863"},{"taxonomy":"post_tag","embeddable":true,"href":"https:\/\/turismo.cm-santiagocacem.pt\/es\/wp-json\/wp\/v2\/tags?post=863"}],"curies":[{"name":"wp","href":"https:\/\/api.w.org\/{rel}","templated":true}]}}