{"id":864,"date":"2016-08-23T11:35:51","date_gmt":"2016-08-23T09:35:51","guid":{"rendered":"http:\/\/turismo.cm-santiagocacem.pt\/?p=864&#038;lang=es"},"modified":"2016-08-23T11:35:51","modified_gmt":"2016-08-23T09:35:51","slug":"hotel-vila-park-recebe-premio-green-key","status":"publish","type":"post","link":"https:\/\/turismo.cm-santiagocacem.pt\/es\/noticias-es\/hotel-vila-park-recebe-premio-green-key\/","title":{"rendered":"Hotel Vila Park recebe pr\u00e9mio \u201cGreen Key\u201d"},"content":{"rendered":"<p><span style=\"font-family: 'Arial','sans-serif';\"><span style=\"color: #000000;\">O Hotel Vila Park, em Vila Nova de Santo Andr\u00e9, recebeu, no dia 27 de maio, numa cerim\u00f3nia realizada na Quinta de Tormes (Bai\u00e3o), o pr\u00e9mio \u201c<i>Green Key<\/i><\/span><span style=\"color: #000000;\">\u201d, atribu\u00eddo pela Associa\u00e7\u00e3o Bandeira Azul da Europa. Estes galard\u00f5es visam distinguir a sensibiliza\u00e7\u00e3o, forma\u00e7\u00e3o e capacita\u00e7\u00e3o para o desenvolvimento de iniciativas que envolvam a participa\u00e7\u00e3o e o empenho individual e coletivo atrav\u00e9s da educa\u00e7\u00e3o para o desenvolvimento sustent\u00e1vel.<br \/>\n<\/span><\/span><span style=\"font-family: 'Arial','sans-serif';\"><span style=\"color: #000000;\">Foram galardoados, no total, 67 empreendimentos tur\u00edsticos &#8211; 45 Hot\u00e9is e 14 \u00a0espa\u00e7os de Turismo Rural \u2013 sendo que o Hotel Vila Park foi uma das duas unidades do Litoral Alentejano a merecer a distin\u00e7\u00e3o, a par do Monte do Casar\u00e3o, na freguesia de S\u00e3o Teot\u00f3nio (Odemira).<br \/>\n<\/span><\/span><span style=\"font-family: 'Arial','sans-serif';\"><span style=\"color: #000000;\">Conhecido pelas suas boas pr\u00e1ticas ambientais, o Hotel Vila Park, de 4 estrelas, \u00e9 certificado pela ISO 14001 e pelo Eco-Hotel TUV, sendo tamb\u00e9m detentor do galard\u00e3o Chave Verde e do pr\u00e9mio <i>Green Project Awards.<br \/>\n<\/i><\/span><\/span><\/p>\n<p><span style=\"font-family: 'Arial','sans-serif';\"><span style=\"color: #000000;\">A C\u00e2mara Municipal de Santiago do Cac\u00e9m congratula-se com mais esta distin\u00e7\u00e3o obtida pelo Hotel Vila Park, bem como por todo o trabalho desenvolvido no \u00e2mbito da educa\u00e7\u00e3o e sustentabilidade ambiental.<\/span><\/span><\/p>\n<p>&nbsp;<\/p>\n","protected":false},"excerpt":{"rendered":"<p>O Hotel Vila Park, em Vila Nova de Santo Andr\u00e9, recebeu, no dia 27 de maio, numa cerim\u00f3nia realizada na Quinta de Tormes (Bai\u00e3o), o pr\u00e9mio \u201cGreen Key\u201d, atribu\u00eddo pela Associa\u00e7\u00e3o Bandeira Azul da Europa. Estes galard\u00f5es visam distinguir a sensibiliza\u00e7\u00e3o, forma\u00e7\u00e3o e capacita\u00e7\u00e3o para o desenvolvimento de iniciativas que envolvam a participa\u00e7\u00e3o e o [&hellip;]<\/p>\n","protected":false},"author":2,"featured_media":0,"comment_status":"closed","ping_status":"closed","sticky":false,"template":"","format":"standard","meta":{"_genesis_hide_title":false,"_genesis_hide_breadcrumbs":false,"_genesis_hide_singular_image":false,"_genesis_hide_footer_widgets":false,"_genesis_custom_body_class":"","_genesis_custom_post_class":"","_genesis_layout":"","footnotes":""},"categories":[56],"tags":[],"class_list":{"0":"post-864","1":"post","2":"type-post","3":"status-publish","4":"format-standard","6":"category-noticias-es","7":"entry"},"_links":{"self":[{"href":"https:\/\/turismo.cm-santiagocacem.pt\/es\/wp-json\/wp\/v2\/posts\/864","targetHints":{"allow":["GET"]}}],"collection":[{"href":"https:\/\/turismo.cm-santiagocacem.pt\/es\/wp-json\/wp\/v2\/posts"}],"about":[{"href":"https:\/\/turismo.cm-santiagocacem.pt\/es\/wp-json\/wp\/v2\/types\/post"}],"author":[{"embeddable":true,"href":"https:\/\/turismo.cm-santiagocacem.pt\/es\/wp-json\/wp\/v2\/users\/2"}],"replies":[{"embeddable":true,"href":"https:\/\/turismo.cm-santiagocacem.pt\/es\/wp-json\/wp\/v2\/comments?post=864"}],"version-history":[{"count":1,"href":"https:\/\/turismo.cm-santiagocacem.pt\/es\/wp-json\/wp\/v2\/posts\/864\/revisions"}],"predecessor-version":[{"id":870,"href":"https:\/\/turismo.cm-santiagocacem.pt\/es\/wp-json\/wp\/v2\/posts\/864\/revisions\/870"}],"wp:attachment":[{"href":"https:\/\/turismo.cm-santiagocacem.pt\/es\/wp-json\/wp\/v2\/media?parent=864"}],"wp:term":[{"taxonomy":"category","embeddable":true,"href":"https:\/\/turismo.cm-santiagocacem.pt\/es\/wp-json\/wp\/v2\/categories?post=864"},{"taxonomy":"post_tag","embeddable":true,"href":"https:\/\/turismo.cm-santiagocacem.pt\/es\/wp-json\/wp\/v2\/tags?post=864"}],"curies":[{"name":"wp","href":"https:\/\/api.w.org\/{rel}","templated":true}]}}